{"id":3641,"date":"2025-09-05T09:31:14","date_gmt":"2025-09-05T15:31:14","guid":{"rendered":"https:\/\/anexioncr.com\/?p=3641"},"modified":"2025-09-05T09:31:14","modified_gmt":"2025-09-05T15:31:14","slug":"liberia-celebro-los-256-de-su-fundacion-en-sesion-municipal-especial","status":"publish","type":"post","link":"https:\/\/anexioncr.com\/index.php\/2025\/09\/05\/liberia-celebro-los-256-de-su-fundacion-en-sesion-municipal-especial\/","title":{"rendered":"Liberia celebr\u00f3 los 256 de su fundaci\u00f3n en sesi\u00f3n municipal especial"},"content":{"rendered":"<div class=\"x14z9mp xat24cr x1lziwak x1vvkbs xtlvy1s x126k92a\">\n<div dir=\"auto\">Rindi\u00f3 homenaje a cinco personas que han hecho historia. Lo que originalmente fue el pueblo de Guanacaste, hoy Liberia, tuvo su acta oficial de nacimiento el 3 de setiembre de 1769. La actual capital de Guanacaste ha sufrido una profunda transformaci\u00f3n que combina lo antiguo con lo moderno. En tan especial ocasi\u00f3n el concejo municipal liberiano, declar\u00f3 a varios ciudadanos con t\u00edtulos que honran su aporte a la comunidad.<\/div>\n<\/div>\n<div class=\"x14z9mp xat24cr x1lziwak x1vvkbs xtlvy1s x126k92a\">\n<div dir=\"auto\"><\/div>\n<div dir=\"auto\">De izquierda a derecha: doctor Omar Arrieta Fonseca, Hijo Ilustre.<\/div>\n<\/div>\n<div class=\"x14z9mp xat24cr x1lziwak x1vvkbs xtlvy1s x126k92a\">\n<div dir=\"auto\">Empresario hotelero, Heriberto Rodriguez Chinchilla, Ciudadano Distinguido.<\/div>\n<\/div>\n<div class=\"x14z9mp xat24cr x1lziwak x1vvkbs xtlvy1s x126k92a\">\n<div dir=\"auto\">Al centenario constructor de casas en la novedosa arquitectura del bahareque, Belisario Sotela G\u00f3mez, como Hijo Predilecto.<\/div>\n<\/div>\n<div class=\"x14z9mp xat24cr x1lziwak x1vvkbs xtlvy1s x126k92a\">\n<div dir=\"auto\">Club de Leones como Ciudadano Colectivo Distinguido, lo recibi\u00f3 el presidente, Johnny Mendez Vega.<\/div>\n<\/div>\n<div class=\"x14z9mp xat24cr x1lziwak x1vvkbs xtlvy1s x126k92a\">\n<div dir=\"auto\">Max Sotela Lara, hist\u00f3rico jugador y entrenador de f\u00fatbol, se le confirio el t\u00edtulo de Ciudadano Distinguido.<\/div>\n<\/div>\n<div class=\"x14z9mp xat24cr x1lziwak x1vvkbs xtlvy1s x126k92a\">\n<div dir=\"auto\"><\/div>\n<div dir=\"auto\">El alcalde municipal Jos\u00e9 Javier Calvo Darcia, expres\u00f3 que los cinco homenajeados han puesto a Liberia en un sitial de honor y fama. Agreg\u00f3 que el progreso y desarrollo del cant\u00f3n debe avanzar en forma equitativa. Periodico Anexi\u00f3n prepara un amplio reportaje sobre esa fecha hist\u00f3rica de Liberia.<\/div>\n<\/div>\n","protected":false},"excerpt":{"rendered":"<div class=\"mh-excerpt\"><p>Rindi\u00f3 homenaje a cinco personas que han hecho historia. Lo que originalmente fue el pueblo de Guanacaste, hoy Liberia, tuvo su acta oficial de nacimiento el 3 de setiembre de 1769. La actual capital de <a class=\"mh-excerpt-more\" href=\"https:\/\/anexioncr.com\/index.php\/2025\/09\/05\/liberia-celebro-los-256-de-su-fundacion-en-sesion-municipal-especial\/\" title=\"Liberia celebr\u00f3 los 256 de su fundaci\u00f3n en sesi\u00f3n municipal especial\">[&#8230;]<\/a><\/p>\n<\/div>","protected":false},"author":1,"featured_media":3642,"comment_status":"open","ping_status":"open","sticky":false,"template":"","format":"standard","meta":{"_monsterinsights_skip_tracking":false,"_monsterinsights_sitenote_active":false,"_monsterinsights_sitenote_note":"","_monsterinsights_sitenote_category":0,"_uf_show_specific_survey":0,"_uf_disable_surveys":false,"footnotes":""},"categories":[35],"tags":[],"class_list":{"0":"post-3641","1":"post","2":"type-post","3":"status-publish","4":"format-standard","5":"has-post-thumbnail","7":"category-cantones"},"_links":{"self":[{"href":"https:\/\/anexioncr.com\/index.php\/wp-json\/wp\/v2\/posts\/3641","targetHints":{"allow":["GET"]}}],"collection":[{"href":"https:\/\/anexioncr.com\/index.php\/wp-json\/wp\/v2\/posts"}],"about":[{"href":"https:\/\/anexioncr.com\/index.php\/wp-json\/wp\/v2\/types\/post"}],"author":[{"embeddable":true,"href":"https:\/\/anexioncr.com\/index.php\/wp-json\/wp\/v2\/users\/1"}],"replies":[{"embeddable":true,"href":"https:\/\/anexioncr.com\/index.php\/wp-json\/wp\/v2\/comments?post=3641"}],"version-history":[{"count":1,"href":"https:\/\/anexioncr.com\/index.php\/wp-json\/wp\/v2\/posts\/3641\/revisions"}],"predecessor-version":[{"id":3643,"href":"https:\/\/anexioncr.com\/index.php\/wp-json\/wp\/v2\/posts\/3641\/revisions\/3643"}],"wp:featuredmedia":[{"embeddable":true,"href":"https:\/\/anexioncr.com\/index.php\/wp-json\/wp\/v2\/media\/3642"}],"wp:attachment":[{"href":"https:\/\/anexioncr.com\/index.php\/wp-json\/wp\/v2\/media?parent=3641"}],"wp:term":[{"taxonomy":"category","embeddable":true,"href":"https:\/\/anexioncr.com\/index.php\/wp-json\/wp\/v2\/categories?post=3641"},{"taxonomy":"post_tag","embeddable":true,"href":"https:\/\/anexioncr.com\/index.php\/wp-json\/wp\/v2\/tags?post=3641"}],"curies":[{"name":"wp","href":"https:\/\/api.w.org\/{rel}","templated":true}]}}