{"id":3630,"date":"2025-09-04T09:16:19","date_gmt":"2025-09-04T15:16:19","guid":{"rendered":"https:\/\/anexioncr.com\/?p=3630"},"modified":"2025-09-04T09:16:19","modified_gmt":"2025-09-04T15:16:19","slug":"don-lico-espinoza-potencio-el-desarrollo-del-canton-de-carrillo","status":"publish","type":"post","link":"https:\/\/anexioncr.com\/index.php\/2025\/09\/04\/don-lico-espinoza-potencio-el-desarrollo-del-canton-de-carrillo\/","title":{"rendered":"Don Lico Espinoza potenci\u00f3 el desarrollo del cant\u00f3n de Carrillo"},"content":{"rendered":"<p>Hoy vamos a recordar un personaje de Filadelfia por los finales de los a\u00f1os 70, don Federico Espinoza llamado en aquellos tiempos Ejecutivo Municipal de Carrillo, hoy alcalde, aunque muchos no lo crean, supervis\u00f3 a los trabajadores municipales y recorr\u00eda las calles en una bicicleta n\u00famero 28. Suscribi\u00f3 un pr\u00e9stamo con el IFAM por 10.000 millones de colones para asfaltar las calles principales, colocar el alcantarillado pluvial, cord\u00f3n y ca\u00f1o y aceras.<\/p>\n<p>Fue el art\u00edfice de la construcci\u00f3n del muro de protecci\u00f3n de las inundaciones de la margen derecha del otrora majestuoso r\u00edo Tempisque, labor conjunta con el MOPT, municipalidad y el diputado don Jos\u00e9\u201d Checho\u201d Angulo. Todo encaminado a evitar las desastrosas inundaciones de aquella \u00e9poca mediante partidas espec\u00edficas qu\u00e9 logr\u00f3 en la Asamblea Legislativa. Hoy, muchos ciudadanos de Carrillo lo recuerdan con nostalgia y agradecimiento por las mejoras en todo el Cant\u00f3n con apenas 10 empleados municipales.<\/p>\n<p>&nbsp;<\/p>\n<p>Fuente. Diario digital El Independiente.<\/p>\n","protected":false},"excerpt":{"rendered":"<div class=\"mh-excerpt\"><p>Hoy vamos a recordar un personaje de Filadelfia por los finales de los a\u00f1os 70, don Federico Espinoza llamado en aquellos tiempos Ejecutivo Municipal de Carrillo, hoy alcalde, aunque muchos no lo crean, supervis\u00f3 a <a class=\"mh-excerpt-more\" href=\"https:\/\/anexioncr.com\/index.php\/2025\/09\/04\/don-lico-espinoza-potencio-el-desarrollo-del-canton-de-carrillo\/\" title=\"Don Lico Espinoza potenci\u00f3 el desarrollo del cant\u00f3n de Carrillo\">[&#8230;]<\/a><\/p>\n<\/div>","protected":false},"author":1,"featured_media":3631,"comment_status":"open","ping_status":"open","sticky":false,"template":"","format":"standard","meta":{"_monsterinsights_skip_tracking":false,"_monsterinsights_sitenote_active":false,"_monsterinsights_sitenote_note":"","_monsterinsights_sitenote_category":0,"_uf_show_specific_survey":0,"_uf_disable_surveys":false,"footnotes":""},"categories":[35],"tags":[],"class_list":{"0":"post-3630","1":"post","2":"type-post","3":"status-publish","4":"format-standard","5":"has-post-thumbnail","7":"category-cantones"},"_links":{"self":[{"href":"https:\/\/anexioncr.com\/index.php\/wp-json\/wp\/v2\/posts\/3630","targetHints":{"allow":["GET"]}}],"collection":[{"href":"https:\/\/anexioncr.com\/index.php\/wp-json\/wp\/v2\/posts"}],"about":[{"href":"https:\/\/anexioncr.com\/index.php\/wp-json\/wp\/v2\/types\/post"}],"author":[{"embeddable":true,"href":"https:\/\/anexioncr.com\/index.php\/wp-json\/wp\/v2\/users\/1"}],"replies":[{"embeddable":true,"href":"https:\/\/anexioncr.com\/index.php\/wp-json\/wp\/v2\/comments?post=3630"}],"version-history":[{"count":1,"href":"https:\/\/anexioncr.com\/index.php\/wp-json\/wp\/v2\/posts\/3630\/revisions"}],"predecessor-version":[{"id":3632,"href":"https:\/\/anexioncr.com\/index.php\/wp-json\/wp\/v2\/posts\/3630\/revisions\/3632"}],"wp:featuredmedia":[{"embeddable":true,"href":"https:\/\/anexioncr.com\/index.php\/wp-json\/wp\/v2\/media\/3631"}],"wp:attachment":[{"href":"https:\/\/anexioncr.com\/index.php\/wp-json\/wp\/v2\/media?parent=3630"}],"wp:term":[{"taxonomy":"category","embeddable":true,"href":"https:\/\/anexioncr.com\/index.php\/wp-json\/wp\/v2\/categories?post=3630"},{"taxonomy":"post_tag","embeddable":true,"href":"https:\/\/anexioncr.com\/index.php\/wp-json\/wp\/v2\/tags?post=3630"}],"curies":[{"name":"wp","href":"https:\/\/api.w.org\/{rel}","templated":true}]}}