{"id":3627,"date":"2025-09-04T09:09:28","date_gmt":"2025-09-04T15:09:28","guid":{"rendered":"https:\/\/anexioncr.com\/?p=3627"},"modified":"2025-09-04T09:09:48","modified_gmt":"2025-09-04T15:09:48","slug":"benemeritazgo-de-dona-maria-leal-un-acto-de-justicia-historica","status":"publish","type":"post","link":"https:\/\/anexioncr.com\/index.php\/2025\/09\/04\/benemeritazgo-de-dona-maria-leal-un-acto-de-justicia-historica\/","title":{"rendered":"Benemeritazgo de do\u00f1a Mar\u00eda Leal: Un acto de justicia hist\u00f3rica"},"content":{"rendered":"<p>As\u00ed lo expres\u00f3 la exdiputada Aida Mar\u00eda Montiel H\u00e9ctor, en el Sal\u00f3n de Expresidentes y Expresidenta de la Asamblea Legislativa, cuando \u201ctuvimos el honor de develar el retrato de la fotograf\u00eda de Mar\u00eda Leal de Noguera, santacruce\u00f1a, educadora, narradora y pionera de la literatura infantil costarricense, ahora Benem\u00e9rita de la Patria.<\/p>\n<p>Como guanacasteca y exdiputada, me llena de orgullo haber impulsado esta Ley, que no solo honra a una mujer extraordinaria, sino que reconoce el valor de la cultura rural, la voz femenina del campo y el legado silencioso de tantas maestras que han construido pa\u00eds desde el margen. Mar\u00eda Leal nos ense\u00f1\u00f3 que los cuentos son m\u00e1s que historias: son memoria viva, identidad y esperanza. Su obra, Cuentos Viejos, recogi\u00f3 con ternura la sabidur\u00eda oral de nuestra tierra, y la convirti\u00f3 en herencia para las futuras generaciones.<\/p>\n<p>Hoy su figura entra para siempre al pante\u00f3n civil de Costa Rica. Hoy reafirmamos que la educaci\u00f3n, la cultura y las mujeres rurales tambi\u00e9n hacen Patria. Que su palabra siga viva. Que su ejemplo nos siga guiando. Que su memoria nos eleve.<\/p>\n","protected":false},"excerpt":{"rendered":"<div class=\"mh-excerpt\"><p>As\u00ed lo expres\u00f3 la exdiputada Aida Mar\u00eda Montiel H\u00e9ctor, en el Sal\u00f3n de Expresidentes y Expresidenta de la Asamblea Legislativa, cuando \u201ctuvimos el honor de develar el retrato de la fotograf\u00eda de Mar\u00eda Leal de <a class=\"mh-excerpt-more\" href=\"https:\/\/anexioncr.com\/index.php\/2025\/09\/04\/benemeritazgo-de-dona-maria-leal-un-acto-de-justicia-historica\/\" title=\"Benemeritazgo de do\u00f1a Mar\u00eda Leal: Un acto de justicia hist\u00f3rica\">[&#8230;]<\/a><\/p>\n<\/div>","protected":false},"author":1,"featured_media":3628,"comment_status":"open","ping_status":"open","sticky":false,"template":"","format":"standard","meta":{"_monsterinsights_skip_tracking":false,"_monsterinsights_sitenote_active":false,"_monsterinsights_sitenote_note":"","_monsterinsights_sitenote_category":0,"_uf_show_specific_survey":0,"_uf_disable_surveys":false,"footnotes":""},"categories":[34],"tags":[],"class_list":{"0":"post-3627","1":"post","2":"type-post","3":"status-publish","4":"format-standard","5":"has-post-thumbnail","7":"category-provincia"},"_links":{"self":[{"href":"https:\/\/anexioncr.com\/index.php\/wp-json\/wp\/v2\/posts\/3627","targetHints":{"allow":["GET"]}}],"collection":[{"href":"https:\/\/anexioncr.com\/index.php\/wp-json\/wp\/v2\/posts"}],"about":[{"href":"https:\/\/anexioncr.com\/index.php\/wp-json\/wp\/v2\/types\/post"}],"author":[{"embeddable":true,"href":"https:\/\/anexioncr.com\/index.php\/wp-json\/wp\/v2\/users\/1"}],"replies":[{"embeddable":true,"href":"https:\/\/anexioncr.com\/index.php\/wp-json\/wp\/v2\/comments?post=3627"}],"version-history":[{"count":1,"href":"https:\/\/anexioncr.com\/index.php\/wp-json\/wp\/v2\/posts\/3627\/revisions"}],"predecessor-version":[{"id":3629,"href":"https:\/\/anexioncr.com\/index.php\/wp-json\/wp\/v2\/posts\/3627\/revisions\/3629"}],"wp:featuredmedia":[{"embeddable":true,"href":"https:\/\/anexioncr.com\/index.php\/wp-json\/wp\/v2\/media\/3628"}],"wp:attachment":[{"href":"https:\/\/anexioncr.com\/index.php\/wp-json\/wp\/v2\/media?parent=3627"}],"wp:term":[{"taxonomy":"category","embeddable":true,"href":"https:\/\/anexioncr.com\/index.php\/wp-json\/wp\/v2\/categories?post=3627"},{"taxonomy":"post_tag","embeddable":true,"href":"https:\/\/anexioncr.com\/index.php\/wp-json\/wp\/v2\/tags?post=3627"}],"curies":[{"name":"wp","href":"https:\/\/api.w.org\/{rel}","templated":true}]}}