{"id":3431,"date":"2025-06-17T13:03:56","date_gmt":"2025-06-17T19:03:56","guid":{"rendered":"https:\/\/anexioncr.com\/?p=3431"},"modified":"2025-06-17T13:03:56","modified_gmt":"2025-06-17T19:03:56","slug":"nandayurenos-celebraron-los-25-anos-de-agrupacion-folclorica","status":"publish","type":"post","link":"https:\/\/anexioncr.com\/index.php\/2025\/06\/17\/nandayurenos-celebraron-los-25-anos-de-agrupacion-folclorica\/","title":{"rendered":"Nandayure\u00f1os celebraron los 25 a\u00f1os de agrupaci\u00f3n folcl\u00f3rica"},"content":{"rendered":"<p>Bajo la conducci\u00f3n profesional y pedag\u00f3gica, de Alvaro Alonso Venegas P\u00e9rez, amante de las costumbres y tradiciones del Guanacaste Eterno, recientemente se celebr\u00f3 una presentaci\u00f3n al aire libre, en aras de conmemorar el cuarto de siglo de la Asociaci\u00f3n Proyecci\u00f3n Folcl\u00f3rica de Nandayure. El acto cultural fue muy concurrido, donde j\u00f3venes y adultos, con elegancia, destreza, donaire y prestancia, hicieron gala de su gran pasi\u00f3n por las tradiciones guanacastecas.<\/p>\n<p>\u201cDevolverse en el tiempo y recordar tantas alegr\u00edas, personas y \u00e9xitos, as\u00ed como desaciertos que nos ayudaron a crecer fue maravilloso, eso me llev\u00f3 por el tiempo y valorar lo importante que es el arte en una comunidad y lo mejor hacerlo en el pueblo que me vio crecer.<\/p>\n<p>Gracias primeramente a Dios y a Nandayure por dejarme sembrar la semilla y verla crecer y germinar, hoy me siento feliz de tantos logros y agradezco a todas las personas que han hecho posible que esta agrupaci\u00f3n permanezca en el tiempo. Que Dios bendiga a cada uno de sus integrantes y al pueblo de Nandayure que estoy seguro siente un gran orgullo cada vez que los vemos en escena\u201d, expres\u00f3 Venegas.<\/p>\n","protected":false},"excerpt":{"rendered":"<div class=\"mh-excerpt\"><p>Bajo la conducci\u00f3n profesional y pedag\u00f3gica, de Alvaro Alonso Venegas P\u00e9rez, amante de las costumbres y tradiciones del Guanacaste Eterno, recientemente se celebr\u00f3 una presentaci\u00f3n al aire libre, en aras de conmemorar el cuarto de <a class=\"mh-excerpt-more\" href=\"https:\/\/anexioncr.com\/index.php\/2025\/06\/17\/nandayurenos-celebraron-los-25-anos-de-agrupacion-folclorica\/\" title=\"Nandayure\u00f1os celebraron los 25 a\u00f1os de agrupaci\u00f3n folcl\u00f3rica\">[&#8230;]<\/a><\/p>\n<\/div>","protected":false},"author":1,"featured_media":3432,"comment_status":"open","ping_status":"open","sticky":false,"template":"","format":"standard","meta":{"_monsterinsights_skip_tracking":false,"_monsterinsights_sitenote_active":false,"_monsterinsights_sitenote_note":"","_monsterinsights_sitenote_category":0,"_uf_show_specific_survey":0,"_uf_disable_surveys":false,"footnotes":""},"categories":[35],"tags":[],"class_list":{"0":"post-3431","1":"post","2":"type-post","3":"status-publish","4":"format-standard","5":"has-post-thumbnail","7":"category-cantones"},"_links":{"self":[{"href":"https:\/\/anexioncr.com\/index.php\/wp-json\/wp\/v2\/posts\/3431","targetHints":{"allow":["GET"]}}],"collection":[{"href":"https:\/\/anexioncr.com\/index.php\/wp-json\/wp\/v2\/posts"}],"about":[{"href":"https:\/\/anexioncr.com\/index.php\/wp-json\/wp\/v2\/types\/post"}],"author":[{"embeddable":true,"href":"https:\/\/anexioncr.com\/index.php\/wp-json\/wp\/v2\/users\/1"}],"replies":[{"embeddable":true,"href":"https:\/\/anexioncr.com\/index.php\/wp-json\/wp\/v2\/comments?post=3431"}],"version-history":[{"count":1,"href":"https:\/\/anexioncr.com\/index.php\/wp-json\/wp\/v2\/posts\/3431\/revisions"}],"predecessor-version":[{"id":3433,"href":"https:\/\/anexioncr.com\/index.php\/wp-json\/wp\/v2\/posts\/3431\/revisions\/3433"}],"wp:featuredmedia":[{"embeddable":true,"href":"https:\/\/anexioncr.com\/index.php\/wp-json\/wp\/v2\/media\/3432"}],"wp:attachment":[{"href":"https:\/\/anexioncr.com\/index.php\/wp-json\/wp\/v2\/media?parent=3431"}],"wp:term":[{"taxonomy":"category","embeddable":true,"href":"https:\/\/anexioncr.com\/index.php\/wp-json\/wp\/v2\/categories?post=3431"},{"taxonomy":"post_tag","embeddable":true,"href":"https:\/\/anexioncr.com\/index.php\/wp-json\/wp\/v2\/tags?post=3431"}],"curies":[{"name":"wp","href":"https:\/\/api.w.org\/{rel}","templated":true}]}}