{"id":3413,"date":"2025-06-09T11:48:30","date_gmt":"2025-06-09T17:48:30","guid":{"rendered":"https:\/\/anexioncr.com\/?p=3413"},"modified":"2025-06-09T11:50:37","modified_gmt":"2025-06-09T17:50:37","slug":"trabajadores-independientes-tendrian-licencia-para-cuidar-enfermos-terminales","status":"publish","type":"post","link":"https:\/\/anexioncr.com\/index.php\/2025\/06\/09\/trabajadores-independientes-tendrian-licencia-para-cuidar-enfermos-terminales\/","title":{"rendered":"Trabajadores independientes tendr\u00edan licencia para cuidar enfermos terminales"},"content":{"rendered":"<p><strong>Tambi\u00e9n incluye a menores de edad con padecimientos graves<\/strong><br \/>\n<strong>Actualmente la licencia solo se otorga a personas asalariadas<\/strong><br \/>\n<strong>Proyecto original es del ex diputado tilaranense V\u00edctor Eduardo \u00c1lvarez Murillo<\/strong><\/p>\n<p>&nbsp;<\/p>\n<p>La nueva iniciativa del diputado Jonathan Acu\u00f1a del Frente Amplio, busca establecer la Licencia y Subsidio para Personas Trabajadoras Independientes Responsables de Pacientes en Fase Terminal Y Personas Menores de Edad Gravemente Enfermas., el Frente Amplio propone solventar un vac\u00edo legal que dejaba descubiertas a aquellas personas trabajadoras por cuenta propia.<\/p>\n<p>Jonathan Acu\u00f1a, diputado proponente, indic\u00f3 que la ley N.\u00b0 7756 del 20 de mayo de 1988, impulsada por el entonces legislador V\u00edctor Eduardo \u00c1lvarez Murillo, solo menciona a \u201cpersonas asalariadas. \u201cEsto excluye a trabajadores independientes que no est\u00e1n exentos de enfrentar una situaci\u00f3n familiar como la enfermedad terminal o el cuido de ni\u00f1as o ni\u00f1os con una enfermedad grave\u201d, alert\u00f3 el legislador.<\/p>\n<p>Esta licencia ya se otorga a personas trabajadoras asalariadas desde hace vario a\u00f1os, pero la legislaci\u00f3n no incluy\u00f3 este derecho para las personas que trabajan por cuenta propia. Para el diputado del frenteamplista es claro que \u201ctener la oportunidad de acompa\u00f1ar a un familiar, ya sea un menor de edad o un adulto, debe ser un derecho de cualquier trabajador, sea este asalariado o independiente.\u201d<\/p>\n<p>El proyecto de ley se present\u00f3 en conjunto con la Asociaci\u00f3n de Trabajadores Independientes Borr\u00f3n y Cuenta Nueva. La Ley \u00c1lvarez Murillo, \u201cuna de las m\u00e1s humanitarias, filantr\u00f3picas y de \u201camor al pr\u00f3jimo\u201d, la impuls\u00f3 el entonces diputado, que es m\u00e9dico especialista en Ortopedia y en su consultorio en hospitales del Seguro Social y la Cl\u00ednica B\u00edblica, experiment\u00f3 las tragedias de familias, cuyos parientes, ten\u00edan que cuidar al enfermo y muchas veces, renunciar al trabajo.<\/p>\n<p>En la rueda de prensa que ofreci\u00f3 el diputado Prensas, se manifest\u00f3 que much\u00edsimos diputados pasaron por sus curules y muy pocos lograron presentar proyectos de ley de gran envergadura y \u00e1mbito nacional, como esta del ex congresista y m\u00e9dico guanacasteco.<\/p>\n<p>&nbsp;<\/p>\n<p><strong>Datos oficiales impresionantes<\/strong><\/p>\n<p>Seg\u00fan la Comisi\u00f3n Central Evaluadora de Licencias e Incapacidades, de la Caja Costarricense de Seguro Social, hasta mayo 2025 se han beneficiado con esa licencia especial, 27.880 personas. En fase terminal 10.798 personas, licencia por menor gravemente enfermo, 5.605 personas y licencia extraordinaria 13.597 personas. Bajo el amparo de la ley 7756 se identificaron los siguientes tres diagn\u00f3sticos, como los m\u00e1s frecuentes, seg\u00fan tipo de licencia.<\/p>\n<p>A .Licencia de cuido a persona en fase terminal. C\u00e1ncer, enfermedad neurodegenerativa, y enfermedad respiratoria aguda grave.<br \/>\nB. Licencia de cuido a menor gravemente enfermo: leucemia, enfermedad respiratoria agua grave y malformaciones y otras enfermedades gen\u00e9ticas.<br \/>\nC. Licencia de cuidado extraordinario: fracturas, estado postquir\u00fargico y problemas de lactancia.<\/p>\n","protected":false},"excerpt":{"rendered":"<div class=\"mh-excerpt\"><p>Tambi\u00e9n incluye a menores de edad con padecimientos graves Actualmente la licencia solo se otorga a personas asalariadas Proyecto original es del ex diputado tilaranense V\u00edctor Eduardo \u00c1lvarez Murillo &nbsp; La nueva iniciativa del diputado <a class=\"mh-excerpt-more\" href=\"https:\/\/anexioncr.com\/index.php\/2025\/06\/09\/trabajadores-independientes-tendrian-licencia-para-cuidar-enfermos-terminales\/\" title=\"Trabajadores independientes tendr\u00edan licencia para cuidar enfermos terminales\">[&#8230;]<\/a><\/p>\n<\/div>","protected":false},"author":1,"featured_media":3414,"comment_status":"open","ping_status":"open","sticky":false,"template":"","format":"standard","meta":{"_monsterinsights_skip_tracking":false,"_monsterinsights_sitenote_active":false,"_monsterinsights_sitenote_note":"","_monsterinsights_sitenote_category":0,"_uf_show_specific_survey":0,"_uf_disable_surveys":false,"footnotes":""},"categories":[34],"tags":[],"class_list":{"0":"post-3413","1":"post","2":"type-post","3":"status-publish","4":"format-standard","5":"has-post-thumbnail","7":"category-provincia"},"_links":{"self":[{"href":"https:\/\/anexioncr.com\/index.php\/wp-json\/wp\/v2\/posts\/3413","targetHints":{"allow":["GET"]}}],"collection":[{"href":"https:\/\/anexioncr.com\/index.php\/wp-json\/wp\/v2\/posts"}],"about":[{"href":"https:\/\/anexioncr.com\/index.php\/wp-json\/wp\/v2\/types\/post"}],"author":[{"embeddable":true,"href":"https:\/\/anexioncr.com\/index.php\/wp-json\/wp\/v2\/users\/1"}],"replies":[{"embeddable":true,"href":"https:\/\/anexioncr.com\/index.php\/wp-json\/wp\/v2\/comments?post=3413"}],"version-history":[{"count":2,"href":"https:\/\/anexioncr.com\/index.php\/wp-json\/wp\/v2\/posts\/3413\/revisions"}],"predecessor-version":[{"id":3417,"href":"https:\/\/anexioncr.com\/index.php\/wp-json\/wp\/v2\/posts\/3413\/revisions\/3417"}],"wp:featuredmedia":[{"embeddable":true,"href":"https:\/\/anexioncr.com\/index.php\/wp-json\/wp\/v2\/media\/3414"}],"wp:attachment":[{"href":"https:\/\/anexioncr.com\/index.php\/wp-json\/wp\/v2\/media?parent=3413"}],"wp:term":[{"taxonomy":"category","embeddable":true,"href":"https:\/\/anexioncr.com\/index.php\/wp-json\/wp\/v2\/categories?post=3413"},{"taxonomy":"post_tag","embeddable":true,"href":"https:\/\/anexioncr.com\/index.php\/wp-json\/wp\/v2\/tags?post=3413"}],"curies":[{"name":"wp","href":"https:\/\/api.w.org\/{rel}","templated":true}]}}