{"id":3395,"date":"2025-06-09T10:55:14","date_gmt":"2025-06-09T16:55:14","guid":{"rendered":"https:\/\/anexioncr.com\/?p=3395"},"modified":"2025-06-09T10:55:14","modified_gmt":"2025-06-09T16:55:14","slug":"colmena-de-abejas-mariolas-se-reproduce-en-parque-central-de-nicoya","status":"publish","type":"post","link":"https:\/\/anexioncr.com\/index.php\/2025\/06\/09\/colmena-de-abejas-mariolas-se-reproduce-en-parque-central-de-nicoya\/","title":{"rendered":"Colmena de abejas Mariolas se reproduce en parque central de Nicoya"},"content":{"rendered":"<p>En el marco de la conmemoraci\u00f3n del D\u00eda Mundial de la Abeja, esta ma\u00f1ana se realiz\u00f3 la instalaci\u00f3n de la primera colmena de abejas Mariolas en el parque Recaredo Brice\u00f1o.<\/p>\n<p>Esta iniciativa forma parte de un proyecto colaborativo entre la municipalidad y un grupo de ciudadanos comprometidos con la protecci\u00f3n de estos polinizadores. La polinizaci\u00f3n es un proceso fundamental para el equilibrio ecol\u00f3gico y la producci\u00f3n de alimentos. La labor de los polinizadores permite la reproducci\u00f3n de plantas, la conservaci\u00f3n de ecosistemas y la seguridad alimentaria de las comunidades.<\/p>\n<p>El proyecto busca fomentar la conservaci\u00f3n de las abejas nativas sin aguij\u00f3n, conocidas como mariolas, y sensibilizar a la comunidad sobre la importancia de estos insectos para la biodiversidad. Con esta acci\u00f3n simb\u00f3lica y educativa, Nicoya da un paso m\u00e1s en el impulso de pr\u00e1cticas sostenibles y en la protecci\u00f3n del medio ambiente, manifest\u00f3 el alcalde Carlos Armando Mart\u00ednez.<\/p>\n","protected":false},"excerpt":{"rendered":"<div class=\"mh-excerpt\"><p>En el marco de la conmemoraci\u00f3n del D\u00eda Mundial de la Abeja, esta ma\u00f1ana se realiz\u00f3 la instalaci\u00f3n de la primera colmena de abejas Mariolas en el parque Recaredo Brice\u00f1o. Esta iniciativa forma parte de <a class=\"mh-excerpt-more\" href=\"https:\/\/anexioncr.com\/index.php\/2025\/06\/09\/colmena-de-abejas-mariolas-se-reproduce-en-parque-central-de-nicoya\/\" title=\"Colmena de abejas Mariolas se reproduce en parque central de Nicoya\">[&#8230;]<\/a><\/p>\n<\/div>","protected":false},"author":1,"featured_media":3396,"comment_status":"open","ping_status":"open","sticky":false,"template":"","format":"standard","meta":{"_monsterinsights_skip_tracking":false,"_monsterinsights_sitenote_active":false,"_monsterinsights_sitenote_note":"","_monsterinsights_sitenote_category":0,"_uf_show_specific_survey":0,"_uf_disable_surveys":false,"footnotes":""},"categories":[35],"tags":[],"class_list":{"0":"post-3395","1":"post","2":"type-post","3":"status-publish","4":"format-standard","5":"has-post-thumbnail","7":"category-cantones"},"_links":{"self":[{"href":"https:\/\/anexioncr.com\/index.php\/wp-json\/wp\/v2\/posts\/3395","targetHints":{"allow":["GET"]}}],"collection":[{"href":"https:\/\/anexioncr.com\/index.php\/wp-json\/wp\/v2\/posts"}],"about":[{"href":"https:\/\/anexioncr.com\/index.php\/wp-json\/wp\/v2\/types\/post"}],"author":[{"embeddable":true,"href":"https:\/\/anexioncr.com\/index.php\/wp-json\/wp\/v2\/users\/1"}],"replies":[{"embeddable":true,"href":"https:\/\/anexioncr.com\/index.php\/wp-json\/wp\/v2\/comments?post=3395"}],"version-history":[{"count":1,"href":"https:\/\/anexioncr.com\/index.php\/wp-json\/wp\/v2\/posts\/3395\/revisions"}],"predecessor-version":[{"id":3397,"href":"https:\/\/anexioncr.com\/index.php\/wp-json\/wp\/v2\/posts\/3395\/revisions\/3397"}],"wp:featuredmedia":[{"embeddable":true,"href":"https:\/\/anexioncr.com\/index.php\/wp-json\/wp\/v2\/media\/3396"}],"wp:attachment":[{"href":"https:\/\/anexioncr.com\/index.php\/wp-json\/wp\/v2\/media?parent=3395"}],"wp:term":[{"taxonomy":"category","embeddable":true,"href":"https:\/\/anexioncr.com\/index.php\/wp-json\/wp\/v2\/categories?post=3395"},{"taxonomy":"post_tag","embeddable":true,"href":"https:\/\/anexioncr.com\/index.php\/wp-json\/wp\/v2\/tags?post=3395"}],"curies":[{"name":"wp","href":"https:\/\/api.w.org\/{rel}","templated":true}]}}