{"id":3301,"date":"2025-05-09T13:54:23","date_gmt":"2025-05-09T19:54:23","guid":{"rendered":"https:\/\/anexioncr.com\/?p=3301"},"modified":"2025-05-09T13:54:38","modified_gmt":"2025-05-09T19:54:38","slug":"canas-contara-con-un-moderno-y-funcional-edificio-de-tribunales-de-justicia","status":"publish","type":"post","link":"https:\/\/anexioncr.com\/index.php\/2025\/05\/09\/canas-contara-con-un-moderno-y-funcional-edificio-de-tribunales-de-justicia\/","title":{"rendered":"Ca\u00f1as contar\u00e1 con un moderno y funcional edificio de Tribunales de Justicia"},"content":{"rendered":"<p>La propuesta del Poder Judicial de levantar una infraestructura con mejores condiciones para las personas usuarias de Ca\u00f1as, suma pasos firmes, con la aprobaci\u00f3n del anteproyecto. El Consejo de Administraci\u00f3n y la Comisi\u00f3n de Construcciones del Poder Judicial, conocieron la propuesta del anteproyecto de la futura obra, durante la primera semana del mes de abril, la cual recibi\u00f3 la respectiva aprobaci\u00f3n.<\/p>\n<p>\u201cCa\u00f1as es uno de los lugares donde el Poder Judicial no tiene edificio propio. Alquila varios locales y hay dificultades para encontrarlos. El mejor alojamiento de los compa\u00f1eros judiciales mejora sus posibilidades laborales y re\u00fane en mismo lugar todas las oficinas. Las mejores condiciones de trabajo, aumenta la productividad y los servicios. Nos dedicamos a resolver conflictos y devolver la paz social.<\/p>\n<p>Este edificio nos permitir\u00e1 cumplir con nuestra tarea y contar\u00e1 con dispositivos para la protecci\u00f3n de sus ocupantes\u201d, destac\u00f3 el magistrado coordinador de la Comisi\u00f3n de Construcciones, Luis Guillermo Rivas Lo\u00e1iciga. Oficinas amplias y c\u00f3modas El terreno se ubica del Liceo Araya Venegas de Ca\u00f1as, 400 metros al este, entrada al Vergel; o de la entrada de la UTN, 75 metros al este.<\/p>\n<p>El siguiente paso es la fase de Dise\u00f1o de Planos Constructivos y Especificaciones T\u00e9cnicas, por parte de la Consultor\u00eda contratada, el cual se gestiona desde el Contrato de Fideicomiso Inmobiliario IMM PJ-BCR-2015. &#8220;Sin duda, el impacto en la calidad de los servicios ser\u00e1 enorme para la poblaci\u00f3n del cant\u00f3n de Ca\u00f1as, logrando concentrar en un solo edificio todas las oficinas y departamentos judiciales, a fin de brindar mejores condiciones para la persona usuaria\u201d, dijo juez Jorge Rojas Alvarez, integrante del Consejo de Administraci\u00f3n del I Circuito Judicial de Guanacaste.<\/p>\n<p>La obra judicial en Ca\u00f1as contemplar\u00e1 un \u00e1rea de 16.194 metros cuadrados, que reunir\u00e1 las mejores condiciones para el funcionamiento del Tribunal de Juicio, Juzgado Penal, Juzgado de Familia, Violencia Dom\u00e9stica y Penal Juvenil, Juzgado de Pensiones Alimentarias, Contravencional y Tr\u00e1nsito, Juzgado Civil y Laboral, Centro de Conciliaciones y Justicia Restaurativa, as\u00ed como las respectivas Salas de Juicio. Adem\u00e1s, concentrar\u00e1n las oficinas del Ministerio P\u00fablico, la Oficina de Atenci\u00f3n y Protecci\u00f3n a la V\u00edctima del Delito, Defensa P\u00fablica, Organismo de Investigaci\u00f3n Judicial, Servicios de Patolog\u00eda Forense y Unidad M\u00e9dico Legal.<\/p>\n<p>En el \u00e1mbito administrativo, se habilitar\u00e1n espacios para la Administraci\u00f3n Regional, Recepci\u00f3n de Documentos, Correo Interno, Taller de Mantenimiento, \u00c1rea de Proveedur\u00eda, Seguridad interna, Oficina de Comunicaciones Judiciales, Limpieza externa, Oficina de Tecnolog\u00eda de la Informaci\u00f3n, Contralor\u00eda de Servicios, Oficina de Trabajo Social y Psicolog\u00eda, Seguridad externa y el Servicio M\u00e9dico de Empleados.<\/p>\n","protected":false},"excerpt":{"rendered":"<div class=\"mh-excerpt\"><p>La propuesta del Poder Judicial de levantar una infraestructura con mejores condiciones para las personas usuarias de Ca\u00f1as, suma pasos firmes, con la aprobaci\u00f3n del anteproyecto. El Consejo de Administraci\u00f3n y la Comisi\u00f3n de Construcciones <a class=\"mh-excerpt-more\" href=\"https:\/\/anexioncr.com\/index.php\/2025\/05\/09\/canas-contara-con-un-moderno-y-funcional-edificio-de-tribunales-de-justicia\/\" title=\"Ca\u00f1as contar\u00e1 con un moderno y funcional edificio de Tribunales de Justicia\">[&#8230;]<\/a><\/p>\n<\/div>","protected":false},"author":1,"featured_media":3302,"comment_status":"open","ping_status":"open","sticky":false,"template":"","format":"standard","meta":{"_monsterinsights_skip_tracking":false,"_monsterinsights_sitenote_active":false,"_monsterinsights_sitenote_note":"","_monsterinsights_sitenote_category":0,"_uf_show_specific_survey":0,"_uf_disable_surveys":false,"footnotes":""},"categories":[35,36],"tags":[],"class_list":{"0":"post-3301","1":"post","2":"type-post","3":"status-publish","4":"format-standard","5":"has-post-thumbnail","7":"category-cantones","8":"category-destacados"},"_links":{"self":[{"href":"https:\/\/anexioncr.com\/index.php\/wp-json\/wp\/v2\/posts\/3301","targetHints":{"allow":["GET"]}}],"collection":[{"href":"https:\/\/anexioncr.com\/index.php\/wp-json\/wp\/v2\/posts"}],"about":[{"href":"https:\/\/anexioncr.com\/index.php\/wp-json\/wp\/v2\/types\/post"}],"author":[{"embeddable":true,"href":"https:\/\/anexioncr.com\/index.php\/wp-json\/wp\/v2\/users\/1"}],"replies":[{"embeddable":true,"href":"https:\/\/anexioncr.com\/index.php\/wp-json\/wp\/v2\/comments?post=3301"}],"version-history":[{"count":1,"href":"https:\/\/anexioncr.com\/index.php\/wp-json\/wp\/v2\/posts\/3301\/revisions"}],"predecessor-version":[{"id":3303,"href":"https:\/\/anexioncr.com\/index.php\/wp-json\/wp\/v2\/posts\/3301\/revisions\/3303"}],"wp:featuredmedia":[{"embeddable":true,"href":"https:\/\/anexioncr.com\/index.php\/wp-json\/wp\/v2\/media\/3302"}],"wp:attachment":[{"href":"https:\/\/anexioncr.com\/index.php\/wp-json\/wp\/v2\/media?parent=3301"}],"wp:term":[{"taxonomy":"category","embeddable":true,"href":"https:\/\/anexioncr.com\/index.php\/wp-json\/wp\/v2\/categories?post=3301"},{"taxonomy":"post_tag","embeddable":true,"href":"https:\/\/anexioncr.com\/index.php\/wp-json\/wp\/v2\/tags?post=3301"}],"curies":[{"name":"wp","href":"https:\/\/api.w.org\/{rel}","templated":true}]}}