{"id":3276,"date":"2025-04-16T10:58:23","date_gmt":"2025-04-16T16:58:23","guid":{"rendered":"https:\/\/anexioncr.com\/?p=3276"},"modified":"2025-04-16T10:58:23","modified_gmt":"2025-04-16T16:58:23","slug":"150-estudiantes-recibieron-titulo-de-especializacion-en-hoteleria-para-cubrir-demanda-laboral-en-guanacaste","status":"publish","type":"post","link":"https:\/\/anexioncr.com\/index.php\/2025\/04\/16\/150-estudiantes-recibieron-titulo-de-especializacion-en-hoteleria-para-cubrir-demanda-laboral-en-guanacaste\/","title":{"rendered":"150 estudiantes recibieron t\u00edtulo de especializaci\u00f3n en hoteler\u00eda para cubrir demanda laboral en Guanacaste"},"content":{"rendered":"<p>Tras un a\u00f1o de capacitaci\u00f3n, sacrificios y tardes y noches de estudio, 150 estudiantes de diferentes zonas de Guanacaste obtuvieron su t\u00edtulo de especializaci\u00f3n en diversas \u00e1reas de hoteler\u00eda. Del total de graduados, 50 de ellos ya tienen una oferta formal de trabajo para iniciar su vida laboral en el Hotel Waldorf Astoria Costa Rica &#8211; Punta Cacique, que abrir\u00e1 sus puertas al p\u00fablico durante el primer semestre del 2025.<\/p>\n<p>El programa estuvo a cargo del Instituto Tecnia y se realiz\u00f3 en alianza con el Ministerio de Trabajo y Seguridad Social (MTSS) y empresas como Garnier &amp; Garnier -desarrollador inmobiliario del Hotel Waldorf Astoria Costa Rica &#8211; Punta Cacique-, con el objetivo de reducir la brecha socioecon\u00f3mica y generar oportunidades reales de empleo en la provincia guanacasteca.<\/p>\n<p>El plan de estudios incluy\u00f3 formaci\u00f3n en diferentes \u00e1reas clave, y en total, los estudiantes recibieron cuatro t\u00edtulos: Hoteler\u00eda y Turismo, Habilidades Socioemocionales, Manipulaci\u00f3n de Alimentos e Ingl\u00e9s (prueba BELT), acreditaci\u00f3n internacional que asegura que los estudiantes tengan fluidez en la comunicaci\u00f3n con clientes extranjeros. Andr\u00e9s Romero, Ministro de Trabajo y Seguridad Social, destac\u00f3 el papel que han desempe\u00f1ado estas alianzas p\u00fablico-privadas para obtener resultados puntuales que beneficien a j\u00f3venes de la provincia guanacasteca.<\/p>\n<p>\u201cAgradecemos a los empresarios la confianza y el que podamos ser socios. Nuestro objetivo es encontrar y ofrecer talento humano de gran capacidad, y por eso les pido un favor: siempre mantengamos el contacto para que ustedes nos informen de puestos de trabajo disponibles, y nos brinden retroalimentaci\u00f3n. De esta forma podremos mejorar y continuar ofreciendo mano de obra local y calificada que permita una mejor calidad de vida por y para Guanacaste\u201d, indic\u00f3 Romero.<\/p>\n<p>Marcela Cano, gerente de sostenibilidad de Garnier &amp; Garnier agreg\u00f3, &#8220;nos sentimos orgullosos de que 150 j\u00f3venes de todo Guanacaste hoy culminen este proceso de formaci\u00f3n, que les permite dar un paso firme hacia un futuro con m\u00e1s oportunidades para el crecimiento, que se traducir\u00e1n en una mejor calidad de vida\u201d.<\/p>\n<p>La capacitaci\u00f3n y diversificaci\u00f3n de oportunidades para j\u00f3venes en Guanacaste ha sido una prioridad para la empresa privada que, desde 2021 trabaja de forma articulada con el gobierno y la academia para la profesionalizaci\u00f3n de m\u00e1s de 370 guanacastecos, a trav\u00e9s de oportunidades de estudio para j\u00f3venes en condici\u00f3n de vulnerabilidad. Para Bianca Rivas, una de las estudiantes, la graduaci\u00f3n representa el cierre de un a\u00f1o muy dif\u00edcil, donde recibieron sol y lluvia, viajaron en bicicleta, en bus o en moto, y ahora reciben los frutos de ese gran esfuerzo.<\/p>\n","protected":false},"excerpt":{"rendered":"<div class=\"mh-excerpt\"><p>Tras un a\u00f1o de capacitaci\u00f3n, sacrificios y tardes y noches de estudio, 150 estudiantes de diferentes zonas de Guanacaste obtuvieron su t\u00edtulo de especializaci\u00f3n en diversas \u00e1reas de hoteler\u00eda. Del total de graduados, 50 de <a class=\"mh-excerpt-more\" href=\"https:\/\/anexioncr.com\/index.php\/2025\/04\/16\/150-estudiantes-recibieron-titulo-de-especializacion-en-hoteleria-para-cubrir-demanda-laboral-en-guanacaste\/\" title=\"150 estudiantes recibieron t\u00edtulo de especializaci\u00f3n en hoteler\u00eda para cubrir demanda laboral en Guanacaste\">[&#8230;]<\/a><\/p>\n<\/div>","protected":false},"author":1,"featured_media":3277,"comment_status":"open","ping_status":"open","sticky":false,"template":"","format":"standard","meta":{"_monsterinsights_skip_tracking":false,"_monsterinsights_sitenote_active":false,"_monsterinsights_sitenote_note":"","_monsterinsights_sitenote_category":0,"_uf_show_specific_survey":0,"_uf_disable_surveys":false,"footnotes":""},"categories":[34],"tags":[],"class_list":{"0":"post-3276","1":"post","2":"type-post","3":"status-publish","4":"format-standard","5":"has-post-thumbnail","7":"category-provincia"},"_links":{"self":[{"href":"https:\/\/anexioncr.com\/index.php\/wp-json\/wp\/v2\/posts\/3276","targetHints":{"allow":["GET"]}}],"collection":[{"href":"https:\/\/anexioncr.com\/index.php\/wp-json\/wp\/v2\/posts"}],"about":[{"href":"https:\/\/anexioncr.com\/index.php\/wp-json\/wp\/v2\/types\/post"}],"author":[{"embeddable":true,"href":"https:\/\/anexioncr.com\/index.php\/wp-json\/wp\/v2\/users\/1"}],"replies":[{"embeddable":true,"href":"https:\/\/anexioncr.com\/index.php\/wp-json\/wp\/v2\/comments?post=3276"}],"version-history":[{"count":1,"href":"https:\/\/anexioncr.com\/index.php\/wp-json\/wp\/v2\/posts\/3276\/revisions"}],"predecessor-version":[{"id":3278,"href":"https:\/\/anexioncr.com\/index.php\/wp-json\/wp\/v2\/posts\/3276\/revisions\/3278"}],"wp:featuredmedia":[{"embeddable":true,"href":"https:\/\/anexioncr.com\/index.php\/wp-json\/wp\/v2\/media\/3277"}],"wp:attachment":[{"href":"https:\/\/anexioncr.com\/index.php\/wp-json\/wp\/v2\/media?parent=3276"}],"wp:term":[{"taxonomy":"category","embeddable":true,"href":"https:\/\/anexioncr.com\/index.php\/wp-json\/wp\/v2\/categories?post=3276"},{"taxonomy":"post_tag","embeddable":true,"href":"https:\/\/anexioncr.com\/index.php\/wp-json\/wp\/v2\/tags?post=3276"}],"curies":[{"name":"wp","href":"https:\/\/api.w.org\/{rel}","templated":true}]}}