{"id":3240,"date":"2025-04-08T13:39:18","date_gmt":"2025-04-08T19:39:18","guid":{"rendered":"https:\/\/anexioncr.com\/?p=3240"},"modified":"2025-04-08T13:39:18","modified_gmt":"2025-04-08T19:39:18","slug":"repercusiones-de-la-batalla-de-santa-rosa-en-territorio-guanacasteco","status":"publish","type":"post","link":"https:\/\/anexioncr.com\/index.php\/2025\/04\/08\/repercusiones-de-la-batalla-de-santa-rosa-en-territorio-guanacasteco\/","title":{"rendered":"Repercusiones de la Batalla de Santa Rosa en territorio guanacasteco"},"content":{"rendered":"<p>En 1856, la batalla de Santa Rosa, en territorio fronterizo de Guanacaste, fue crucial para la historia de Costa Rica, ya que con ella se detuvo la invasi\u00f3n filibustera cerca de la frontera con Nicaragua. El enfrentamiento en los alrededores de una hacienda colonial marc\u00f3 la primera victoria de nuestro ej\u00e9rcito, permiti\u00f3 el desalojo de las fuerzas invasoras, fortaleci\u00f3 nuestro patriotismo y hoy es un ejemplo de lo que significa la defensa de la soberan\u00eda nacional.<\/p>\n<p>Seg\u00fan recuentos hist\u00f3ricos, Costa Rica sufri\u00f3 19 bajas de valientes patriotas que dieron su vida por defender la soberan\u00eda, paz y libertad. Se estima que en 20 minutos, los extranjeros fueron derrotados.. 1856 se\u00f1ala una etapa muy importante dentro del desenvolvimiento hist\u00f3rico de Costa Rica. Las batallas acaecidas en el per\u00edodo han venido a formar parte, tanto en el pasado como actualmente, de la memoria colectiva de defensa de la soberan\u00eda.<\/p>\n<p><strong>Alejado peligro de someter a Centroam\u00e9rica<\/strong><\/p>\n<p>En el caso de la batalla de Santa Rosa, el 20 de marzo de 1856, sin duda, signific\u00f3 una contenci\u00f3n a la invasi\u00f3n en curso de las fuerzas filibusteras en el territorio nacional, a la altura de Guanacaste y cerca de la frontera con el vecino pa\u00eds del norte: Nicaragua. El escenario de una casona de hacienda ganadera colonial fue testigo del r\u00e1pido enfrentamiento de las fuerzas militares de Costa Rica, que pudieron repeler el fuego de los fusiles enemigos y consolidar la primera victoria y desalojo de las fuerzas invasoras.<\/p>\n<p>La Batalla de Santa Rosa tiene un significado de gran relevancia hist\u00f3rica. Por una parte, el enfrentamiento se dio en territorio nacional y, por otra, de no haber alcanzado el \u00e9xito, las fuerzas de Walker hubieran avanzado, sin duda, hasta Liberia, Puntarenas e incluso el valle Central. Adem\u00e1s, es innegable que este triunfo se convirti\u00f3 en asidero moral para las fuerzas armadas de Costa Rica y el ej\u00e9rcito centroamericano, pues demostr\u00f3 que William Walker y su ej\u00e9rcito no eran invencibles.<\/p>\n<p>Eso fue muy importante porque se hab\u00eda hablado mucho de la facilidad con la que los invasores hab\u00edan tomado el poder absoluto en Nicaragua, amenazando al resto de Centroam\u00e9rica. EN RESUMEN el ej\u00e9rcito costarricense, bajo el mando de Juan Rafael Mora Porras, derrot\u00f3 y expuls\u00f3 a las fuerzas filibusteras de William Walker.<\/p>\n","protected":false},"excerpt":{"rendered":"<div class=\"mh-excerpt\"><p>En 1856, la batalla de Santa Rosa, en territorio fronterizo de Guanacaste, fue crucial para la historia de Costa Rica, ya que con ella se detuvo la invasi\u00f3n filibustera cerca de la frontera con Nicaragua. <a class=\"mh-excerpt-more\" href=\"https:\/\/anexioncr.com\/index.php\/2025\/04\/08\/repercusiones-de-la-batalla-de-santa-rosa-en-territorio-guanacasteco\/\" title=\"Repercusiones de la Batalla de Santa Rosa en territorio guanacasteco\">[&#8230;]<\/a><\/p>\n<\/div>","protected":false},"author":1,"featured_media":3241,"comment_status":"open","ping_status":"open","sticky":false,"template":"","format":"standard","meta":{"_monsterinsights_skip_tracking":false,"_monsterinsights_sitenote_active":false,"_monsterinsights_sitenote_note":"","_monsterinsights_sitenote_category":0,"_uf_show_specific_survey":0,"_uf_disable_surveys":false,"footnotes":""},"categories":[33],"tags":[],"class_list":{"0":"post-3240","1":"post","2":"type-post","3":"status-publish","4":"format-standard","5":"has-post-thumbnail","7":"category-nacionales"},"_links":{"self":[{"href":"https:\/\/anexioncr.com\/index.php\/wp-json\/wp\/v2\/posts\/3240","targetHints":{"allow":["GET"]}}],"collection":[{"href":"https:\/\/anexioncr.com\/index.php\/wp-json\/wp\/v2\/posts"}],"about":[{"href":"https:\/\/anexioncr.com\/index.php\/wp-json\/wp\/v2\/types\/post"}],"author":[{"embeddable":true,"href":"https:\/\/anexioncr.com\/index.php\/wp-json\/wp\/v2\/users\/1"}],"replies":[{"embeddable":true,"href":"https:\/\/anexioncr.com\/index.php\/wp-json\/wp\/v2\/comments?post=3240"}],"version-history":[{"count":1,"href":"https:\/\/anexioncr.com\/index.php\/wp-json\/wp\/v2\/posts\/3240\/revisions"}],"predecessor-version":[{"id":3242,"href":"https:\/\/anexioncr.com\/index.php\/wp-json\/wp\/v2\/posts\/3240\/revisions\/3242"}],"wp:featuredmedia":[{"embeddable":true,"href":"https:\/\/anexioncr.com\/index.php\/wp-json\/wp\/v2\/media\/3241"}],"wp:attachment":[{"href":"https:\/\/anexioncr.com\/index.php\/wp-json\/wp\/v2\/media?parent=3240"}],"wp:term":[{"taxonomy":"category","embeddable":true,"href":"https:\/\/anexioncr.com\/index.php\/wp-json\/wp\/v2\/categories?post=3240"},{"taxonomy":"post_tag","embeddable":true,"href":"https:\/\/anexioncr.com\/index.php\/wp-json\/wp\/v2\/tags?post=3240"}],"curies":[{"name":"wp","href":"https:\/\/api.w.org\/{rel}","templated":true}]}}