{"id":3220,"date":"2025-03-31T13:57:36","date_gmt":"2025-03-31T19:57:36","guid":{"rendered":"https:\/\/anexioncr.com\/?p=3220"},"modified":"2025-03-31T13:57:36","modified_gmt":"2025-03-31T19:57:36","slug":"ninos-y-jovenes-liberianos-tendran-un-centro-civico-para-la-paz","status":"publish","type":"post","link":"https:\/\/anexioncr.com\/index.php\/2025\/03\/31\/ninos-y-jovenes-liberianos-tendran-un-centro-civico-para-la-paz\/","title":{"rendered":"Ni\u00f1os y j\u00f3venes liberianos tendr\u00e1n un Centro C\u00edvico para la Paz"},"content":{"rendered":"<p>Gerald Campos Valverde, ministro de Justicia y Paz, dijo sentirse complacido que Guanacaste pueda contar con dos obras, una ya existente en Santa Cruz y la pr\u00f3xima en Liberia, de acuerdo con una Carta de Entendimiento firmada con la municipalidad.<\/p>\n<p>Agreg\u00f3 que \u201cnuestra obligaci\u00f3n es proteger a los ni\u00f1os, ni\u00f1as y j\u00f3venes, a quienes hay que fortalecerles los que est\u00e1n en las ra\u00edces del pueblo liberiano, y as\u00ed alejarlos de las drogas y el crimen organizado. El Centro C\u00edvico permitir\u00e1 el trabajo conjunto entre instituciones como el PANI, el Ministerio de Cultura, el INA, el Ministerio de Seguridad P\u00fablica, el Ministerio de Trabajo el MICITT, entre otros. El edificio se construir\u00e1 en el Barrio Invu #2 costado sur del sal\u00f3n comunal de Barrio San Roque.<\/p>\n<p>Por su parte, el alcalde Jos\u00e9 Javier Calvo, agradeci\u00f3 al gobierno por llevar este proyecto a su comunidad, en donde los mayores beneficiados ser\u00e1n los ni\u00f1os, ni\u00f1as y j\u00f3venes, un espacio que estar\u00e1 al servicio de la comunidad liberiana.<\/p>\n<p>Los Centros C\u00edvicos buscan implementar estrategias para la prevenci\u00f3n de la violencia, el fortalecimiento de capacidades de convivencia ciudadana y la creaci\u00f3n de oportunidades de desarrollo para las personas a trav\u00e9s de la educaci\u00f3n, la tecnolog\u00eda, el arte, el deporte y la recreaci\u00f3n.<\/p>\n","protected":false},"excerpt":{"rendered":"<div class=\"mh-excerpt\"><p>Gerald Campos Valverde, ministro de Justicia y Paz, dijo sentirse complacido que Guanacaste pueda contar con dos obras, una ya existente en Santa Cruz y la pr\u00f3xima en Liberia, de acuerdo con una Carta de <a class=\"mh-excerpt-more\" href=\"https:\/\/anexioncr.com\/index.php\/2025\/03\/31\/ninos-y-jovenes-liberianos-tendran-un-centro-civico-para-la-paz\/\" title=\"Ni\u00f1os y j\u00f3venes liberianos tendr\u00e1n un Centro C\u00edvico para la Paz\">[&#8230;]<\/a><\/p>\n<\/div>","protected":false},"author":1,"featured_media":3221,"comment_status":"open","ping_status":"open","sticky":false,"template":"","format":"standard","meta":{"_monsterinsights_skip_tracking":false,"_monsterinsights_sitenote_active":false,"_monsterinsights_sitenote_note":"","_monsterinsights_sitenote_category":0,"_uf_show_specific_survey":0,"_uf_disable_surveys":false,"footnotes":""},"categories":[35],"tags":[],"class_list":{"0":"post-3220","1":"post","2":"type-post","3":"status-publish","4":"format-standard","5":"has-post-thumbnail","7":"category-cantones"},"_links":{"self":[{"href":"https:\/\/anexioncr.com\/index.php\/wp-json\/wp\/v2\/posts\/3220","targetHints":{"allow":["GET"]}}],"collection":[{"href":"https:\/\/anexioncr.com\/index.php\/wp-json\/wp\/v2\/posts"}],"about":[{"href":"https:\/\/anexioncr.com\/index.php\/wp-json\/wp\/v2\/types\/post"}],"author":[{"embeddable":true,"href":"https:\/\/anexioncr.com\/index.php\/wp-json\/wp\/v2\/users\/1"}],"replies":[{"embeddable":true,"href":"https:\/\/anexioncr.com\/index.php\/wp-json\/wp\/v2\/comments?post=3220"}],"version-history":[{"count":1,"href":"https:\/\/anexioncr.com\/index.php\/wp-json\/wp\/v2\/posts\/3220\/revisions"}],"predecessor-version":[{"id":3222,"href":"https:\/\/anexioncr.com\/index.php\/wp-json\/wp\/v2\/posts\/3220\/revisions\/3222"}],"wp:featuredmedia":[{"embeddable":true,"href":"https:\/\/anexioncr.com\/index.php\/wp-json\/wp\/v2\/media\/3221"}],"wp:attachment":[{"href":"https:\/\/anexioncr.com\/index.php\/wp-json\/wp\/v2\/media?parent=3220"}],"wp:term":[{"taxonomy":"category","embeddable":true,"href":"https:\/\/anexioncr.com\/index.php\/wp-json\/wp\/v2\/categories?post=3220"},{"taxonomy":"post_tag","embeddable":true,"href":"https:\/\/anexioncr.com\/index.php\/wp-json\/wp\/v2\/tags?post=3220"}],"curies":[{"name":"wp","href":"https:\/\/api.w.org\/{rel}","templated":true}]}}