{"id":3143,"date":"2025-01-29T15:52:22","date_gmt":"2025-01-29T21:52:22","guid":{"rendered":"https:\/\/anexioncr.com\/?p=3143"},"modified":"2025-01-29T15:52:22","modified_gmt":"2025-01-29T21:52:22","slug":"ice-construira-subestacion-y-nueva-red-de-distribucion-y-transporte-en-la-cruz-de-guanacaste","status":"publish","type":"post","link":"https:\/\/anexioncr.com\/index.php\/2025\/01\/29\/ice-construira-subestacion-y-nueva-red-de-distribucion-y-transporte-en-la-cruz-de-guanacaste\/","title":{"rendered":"ICE construir\u00e1 subestaci\u00f3n y nueva red de distribuci\u00f3n y transporte en La Cruz de Guanacaste"},"content":{"rendered":"<p>\u2022 Consejo Directivo aprob\u00f3 inversi\u00f3n superior a $15 millones.<br \/>\n\u2022 Obras se completar\u00e1n en primer semestre de 2028.<br \/>\n\u2022 Habilitar\u00e1 punto de conexi\u00f3n para nuevas plantas de generaci\u00f3n renovable.<\/p>\n<p>&nbsp;<\/p>\n<p>El Instituto Costarricense de Electricidad (ICE) invertir\u00e1 $15,22 millones en la construcci\u00f3n de una nueva subestaci\u00f3n y la modernizaci\u00f3n de sus redes de distribuci\u00f3n y transmisi\u00f3n en el cant\u00f3n de La Cruz, provincia de Guanacaste. El objetivo es mejorar la calidad del suministro en la zona, promover su desarrollo y habilitar un punto de conexi\u00f3n para nuevas plantas de generaci\u00f3n limpia.<\/p>\n<p>El Proyecto de Refuerzo de la Infraestructura de Transmisi\u00f3n y Distribuci\u00f3n El\u00e9ctrica en el cant\u00f3n de La Cruz de Guanacaste fue aprobado por el Consejo Directivo en su sesi\u00f3n N.\u00ba 6663. Se enfocar\u00e1 en La Cruz, Pe\u00f1as Blancas y El Jobo \u2013en el distrito La Cruz\u2013; y Santa Cecilia, La Garita y Cuajiniquil \u2013en el distrito de Santa Elena\u2013.<\/p>\n<p>El proyecto dotar\u00e1 al cant\u00f3n de cinco circuitos de distribuci\u00f3n alimentados desde una nueva subestaci\u00f3n de 230 kilovoltios (kV). \u201cLas obras mejorar\u00e1n sustancialmente la calidad del servicio, adem\u00e1s de respaldar el desarrollo de nuevas plantas e\u00f3licas y solares\u201d, indic\u00f3 Verny Rojas, gerente de Electricidad del ICE.<\/p>\n<p>De acuerdo con la planificaci\u00f3n elaborada por el Instituto, las obras se ir\u00e1n incorporando paulatinamente al sistema. La totalidad operar\u00e1 en el primer semestre de 2028. Adem\u00e1s de proyectos de reforzamiento de distribuci\u00f3n y expansi\u00f3n de generaci\u00f3n de energ\u00eda, el ICE desarrolla obras de electrificaci\u00f3n, alumbrado p\u00fablico y de reubicaci\u00f3n de infraestructura en Guanacaste, para llevar bienestar<br \/>\na sus habitantes y robustecer la econom\u00eda local.<\/p>\n","protected":false},"excerpt":{"rendered":"<div class=\"mh-excerpt\"><p>\u2022 Consejo Directivo aprob\u00f3 inversi\u00f3n superior a $15 millones. \u2022 Obras se completar\u00e1n en primer semestre de 2028. \u2022 Habilitar\u00e1 punto de conexi\u00f3n para nuevas plantas de generaci\u00f3n renovable. &nbsp; El Instituto Costarricense de Electricidad <a class=\"mh-excerpt-more\" href=\"https:\/\/anexioncr.com\/index.php\/2025\/01\/29\/ice-construira-subestacion-y-nueva-red-de-distribucion-y-transporte-en-la-cruz-de-guanacaste\/\" title=\"ICE construir\u00e1 subestaci\u00f3n y nueva red de distribuci\u00f3n y transporte en La Cruz de Guanacaste\">[&#8230;]<\/a><\/p>\n<\/div>","protected":false},"author":1,"featured_media":2493,"comment_status":"open","ping_status":"open","sticky":false,"template":"","format":"standard","meta":{"_monsterinsights_skip_tracking":false,"_monsterinsights_sitenote_active":false,"_monsterinsights_sitenote_note":"","_monsterinsights_sitenote_category":0,"_uf_show_specific_survey":0,"_uf_disable_surveys":false,"footnotes":""},"categories":[1],"tags":[],"class_list":{"0":"post-3143","1":"post","2":"type-post","3":"status-publish","4":"format-standard","5":"has-post-thumbnail","7":"category-uncategorized"},"_links":{"self":[{"href":"https:\/\/anexioncr.com\/index.php\/wp-json\/wp\/v2\/posts\/3143","targetHints":{"allow":["GET"]}}],"collection":[{"href":"https:\/\/anexioncr.com\/index.php\/wp-json\/wp\/v2\/posts"}],"about":[{"href":"https:\/\/anexioncr.com\/index.php\/wp-json\/wp\/v2\/types\/post"}],"author":[{"embeddable":true,"href":"https:\/\/anexioncr.com\/index.php\/wp-json\/wp\/v2\/users\/1"}],"replies":[{"embeddable":true,"href":"https:\/\/anexioncr.com\/index.php\/wp-json\/wp\/v2\/comments?post=3143"}],"version-history":[{"count":1,"href":"https:\/\/anexioncr.com\/index.php\/wp-json\/wp\/v2\/posts\/3143\/revisions"}],"predecessor-version":[{"id":3144,"href":"https:\/\/anexioncr.com\/index.php\/wp-json\/wp\/v2\/posts\/3143\/revisions\/3144"}],"wp:featuredmedia":[{"embeddable":true,"href":"https:\/\/anexioncr.com\/index.php\/wp-json\/wp\/v2\/media\/2493"}],"wp:attachment":[{"href":"https:\/\/anexioncr.com\/index.php\/wp-json\/wp\/v2\/media?parent=3143"}],"wp:term":[{"taxonomy":"category","embeddable":true,"href":"https:\/\/anexioncr.com\/index.php\/wp-json\/wp\/v2\/categories?post=3143"},{"taxonomy":"post_tag","embeddable":true,"href":"https:\/\/anexioncr.com\/index.php\/wp-json\/wp\/v2\/tags?post=3143"}],"curies":[{"name":"wp","href":"https:\/\/api.w.org\/{rel}","templated":true}]}}