{"id":3018,"date":"2024-12-05T14:31:52","date_gmt":"2024-12-05T20:31:52","guid":{"rendered":"https:\/\/anexioncr.com\/?p=3018"},"modified":"2024-12-05T14:31:52","modified_gmt":"2024-12-05T20:31:52","slug":"suenos-que-dan-paz","status":"publish","type":"post","link":"https:\/\/anexioncr.com\/index.php\/2024\/12\/05\/suenos-que-dan-paz\/","title":{"rendered":"Sue\u00f1os que dan paz"},"content":{"rendered":"<p>Siempre sue\u00f1o con ser libre hasta el final de mi vida terrenal. M\u00e1s cuando ni\u00f1o so\u00f1aba con el regalo de navidad, tambi\u00e9n pensaba y so\u00f1aba que, alg\u00fan d\u00eda ser\u00eda capaz de regalarme lo que me gustar\u00eda tener, para as\u00ed poder ser libre a servicio de la humanidad. Mis sentimientos de libertad se cimentaron en la pampa Guanacasteca, al ver correr en estampida natural al caballo cimarr\u00f3n, cuando se revelaba, al negarse a ser atrapado por la soga sus m\u00fasculos se marcaban en su cuello elegante, altivo, fuerte y adornado con un pelambre tornasol que brillaba al caer los rayos del ardiente sol, lo cual parec\u00eda \u201cencabritar\u201d aquel caballo juvenil que brincaba y brincaba, como si todo eso fuera el ritual que lo preparaba para salir en estampida buscando la ansiada libertad.<\/p>\n<p>Ya al llegar a mi adolescencia muchas veces so\u00f1\u00e9 con ser profesional y dec\u00eda que yo iba a ser el m\u00e9dico que curaba con solo una medicina. Mi deseo era cumplir sue\u00f1os, en ocasiones quise aprender a tocar guitarra y r\u00e1pido me di cuenta de que aquello no era lo m\u00edo. Tambi\u00e9n intent\u00e9 ser marimbista. Pero de la misma forma, me di cuenta de que eso no era para m\u00ed. Muy temprano me convenc\u00ed de que. \u201cEl fuerte m\u00edo era el estudio\u201d, pues se hac\u00eda evidente el tener una memoria privilegiada, cuando le\u00eda algo con mucha facilidad lo grababa en mi cerebro infantil y luego juvenil. Tambi\u00e9n cuando en la escuela a mis maestros escuchaba aprender se me facilitaba. De hecho, ya en segundo grado a mis 8 a\u00f1os de edad, la maestra Clementina Jir\u00f3n dec\u00eda que yo no dejaba trabajar a los compa\u00f1eritos, porque iba adelante, cuando ella preguntaba algo, yo siempre contestaba r\u00e1pidamente. Mi maestra necesitaba continuar la clase con la participaci\u00f3n de todos mis compa\u00f1eros, entonces me mandaba a comprar chicharrones donde Chico D\u00edaz.<\/p>\n<p>Posteriormente, mi maestra al parecer me iba a pasar al tercer grado antes de haber completado el segundo, pero yo no estuve de acuerdo. Resulta que yo ya sab\u00eda de aquello que mi querida maestra y mi madre amada estaban tramando, es m\u00e1s me acuerdo que no quise pasar a tercer grado porque ellos iban \u201cmuy avanzados\u201d, seg\u00fan mis c\u00e1lculos. Tambi\u00e9n porque no quer\u00eda dejar a mis compa\u00f1erito de segundo grado, con quienes ya hab\u00eda entablado amistad. Esta parte de mi historia la cont\u00f3 la Sra. Ana H\u00e9ctor Jir\u00f3n, hija de quien fue mi maestra de escuela en menci\u00f3n, ella lo relat\u00f3 con entusiasmo frente a mi esposa Elsie V\u00edquez Vargas, durante una actividad para celebrar la marimba (s\u00edmbolo de nuestro pueblo) dedicada a mi hermana Maribel Ortega Aguilar (que descanse en paz). Quien, casi nunca faltaba a aquel homenaje que cada a\u00f1o se realiza, para resaltar el valor que le damos a la marimba en mi pueblo natal.<\/p>\n<p>Me emociona recordarlo ya que al final de mi transitar por este mundo terrenal, he llegado a conocerme mejor y puedo concluir que, en el fondo soy un tanto t\u00edmido y calculador. No me gusta hacer algo sin estar completamente seguro. Es m\u00e1s, una vez que me he ido conociendo y haciendo un repaso de los logros alcanzados, valorando los resultados, he llegado a pensar retrospectivamente que, en tercer grado de escuela tambi\u00e9n me hubiera ido muy bien, sin embargo, ahora est\u00e1n almacenados en mi memoria tantos \u201chubiera\u201d, que quiz\u00e1s algunos habr\u00edan sido<br \/>\nexitosos y en otro tanto, me pude haber embarcado, por esto \u00faltimo es que en ocasiones cuando se presentan algunas situaciones especiales, he sido muy cauto al enfrentar una que otra aventura.<\/p>\n<p>Mientras tanto nunca me olvido del dicho. \u201cEl que con leche lo han quemado, hasta la cuajada sopla\u201d. En pol\u00edtica muchas veces he tenido \u00e9xitos y otro tanto de fracasos, siendo que los primeros me han llenado de alegr\u00eda y los otros de tristeza. Ahora cuando analizo mi diario vivir en m\u00ed ya larga existencia terrenal (77 a\u00f1os), me siento un ser humano bendecido, agradecido y feliz de la misi\u00f3n cumplida durante toda mi larga y bendecida vida. Siendo que siempre he sido un ser humano noble, creyente y agradecido, con humildad, respeto y devoci\u00f3n me arrodillo, junto mis manos y mirando hacia el cielo digo.<\/p>\n<p>\u201cGracias Dios bendito por tanto que me has dado\u201d. Y siendo solidario como siempre he intentado ser, nada m\u00e1s te pido con humildad, fervor y confiado en tu gran poder, que en el mundo prive La Paz, el amor, la bondad, el respeto mutuo, la amistad y felicidad entre los seres humanos. Tambi\u00e9n te pedimos Se\u00f1or que se mantenga el equilibrio sano y vital con la flora y fauna, para que todos los habitantes humanoides del globo terr\u00e1queo actual y todo aquel de la posteridad, a tu nombre hemos de cuidar el planeta que nos has dado en custodia, como si esto fuera siempre el para\u00edso terrenal que has creado, para que los seres humanos hagamos realidad los sue\u00f1os que, nos permitan vivir en paz, en hermandad y confraternidad.<\/p>\n<p>UN PARA\u00cdSO TERRENAL<br \/>\nAM\u00c9N. AM\u00c9N. AM\u00c9N.<\/p>\n","protected":false},"excerpt":{"rendered":"<div class=\"mh-excerpt\"><p>Siempre sue\u00f1o con ser libre hasta el final de mi vida terrenal. M\u00e1s cuando ni\u00f1o so\u00f1aba con el regalo de navidad, tambi\u00e9n pensaba y so\u00f1aba que, alg\u00fan d\u00eda ser\u00eda capaz de regalarme lo que me <a class=\"mh-excerpt-more\" href=\"https:\/\/anexioncr.com\/index.php\/2024\/12\/05\/suenos-que-dan-paz\/\" title=\"Sue\u00f1os que dan paz\">[&#8230;]<\/a><\/p>\n<\/div>","protected":false},"author":1,"featured_media":2290,"comment_status":"open","ping_status":"open","sticky":false,"template":"","format":"standard","meta":{"_monsterinsights_skip_tracking":false,"_monsterinsights_sitenote_active":false,"_monsterinsights_sitenote_note":"","_monsterinsights_sitenote_category":0,"_uf_show_specific_survey":0,"_uf_disable_surveys":false,"footnotes":""},"categories":[1],"tags":[],"class_list":{"0":"post-3018","1":"post","2":"type-post","3":"status-publish","4":"format-standard","5":"has-post-thumbnail","7":"category-uncategorized"},"_links":{"self":[{"href":"https:\/\/anexioncr.com\/index.php\/wp-json\/wp\/v2\/posts\/3018","targetHints":{"allow":["GET"]}}],"collection":[{"href":"https:\/\/anexioncr.com\/index.php\/wp-json\/wp\/v2\/posts"}],"about":[{"href":"https:\/\/anexioncr.com\/index.php\/wp-json\/wp\/v2\/types\/post"}],"author":[{"embeddable":true,"href":"https:\/\/anexioncr.com\/index.php\/wp-json\/wp\/v2\/users\/1"}],"replies":[{"embeddable":true,"href":"https:\/\/anexioncr.com\/index.php\/wp-json\/wp\/v2\/comments?post=3018"}],"version-history":[{"count":1,"href":"https:\/\/anexioncr.com\/index.php\/wp-json\/wp\/v2\/posts\/3018\/revisions"}],"predecessor-version":[{"id":3019,"href":"https:\/\/anexioncr.com\/index.php\/wp-json\/wp\/v2\/posts\/3018\/revisions\/3019"}],"wp:featuredmedia":[{"embeddable":true,"href":"https:\/\/anexioncr.com\/index.php\/wp-json\/wp\/v2\/media\/2290"}],"wp:attachment":[{"href":"https:\/\/anexioncr.com\/index.php\/wp-json\/wp\/v2\/media?parent=3018"}],"wp:term":[{"taxonomy":"category","embeddable":true,"href":"https:\/\/anexioncr.com\/index.php\/wp-json\/wp\/v2\/categories?post=3018"},{"taxonomy":"post_tag","embeddable":true,"href":"https:\/\/anexioncr.com\/index.php\/wp-json\/wp\/v2\/tags?post=3018"}],"curies":[{"name":"wp","href":"https:\/\/api.w.org\/{rel}","templated":true}]}}