{"id":3001,"date":"2024-11-28T13:56:52","date_gmt":"2024-11-28T19:56:52","guid":{"rendered":"https:\/\/anexioncr.com\/?p=3001"},"modified":"2024-11-28T13:56:52","modified_gmt":"2024-11-28T19:56:52","slug":"ticos-desconocen-el-concepto-de-residuos-solidos-ordinarios","status":"publish","type":"post","link":"https:\/\/anexioncr.com\/index.php\/2024\/11\/28\/ticos-desconocen-el-concepto-de-residuos-solidos-ordinarios\/","title":{"rendered":"Ticos desconocen el concepto de residuos s\u00f3lidos ordinarios"},"content":{"rendered":"<p>Separar los residuos s\u00f3lidos ordinarios que se generan en el hogar y clasificarlos no es una tarea cotidiana para el 57% de las personas encuestadas por parte del programa Horizontes Ambientales del Instituto de Estudios Sociales en Poblaci\u00f3n (Idespo) de la Universidad Nacional (UNA).<\/p>\n<p>Entre las razones por las cuales las personas no tienen el h\u00e1bito de separar estos residuos se debe a la ausencia de una ruta de recolecci\u00f3n de reciclaje e incluso a la dificultad de cambiar las costumbres de las personas. Otras respuestas se\u00f1alan la falta de conocimiento y de tiempo.<\/p>\n<p>Esto se da a pesar de que el 52% de la poblaci\u00f3n s\u00ed recibe, en su comunidad, el servicio de recolecci\u00f3n de residuos valorizables, conocido como reciclaje. Estos son parte de los resultados del informe Conocimiento y pr\u00e1cticas de la poblaci\u00f3n sobre la gesti\u00f3n integral de los residuos s\u00f3lidos ordinarios y de los residuos de aparatos el\u00e9ctricos y electr\u00f3nicos en Costa Rica. A pesar de que m\u00e1s de la mitad de la poblaci\u00f3n no practica la separaci\u00f3n y clasificaci\u00f3n de residuos s\u00f3lidos ordinarios, una gran mayor\u00eda (el 95%) considera que es importante entregarlos limpios, secos y separados. Otro 15% expres\u00f3 que \u201cda igual no separar porque eso lo hacen en los puntos de recolecci\u00f3n\u201d y un 10% dijo \u201cda igual no separar porque al final todo termina revuelto\u201d.<\/p>\n<p>En t\u00e9rminos generales, la encuesta revel\u00f3 que existe un amplio desconocimiento acerca del uso del concepto de residuo s\u00f3lido ordinario. Mientras que un 30% lo cataloga como \u201cbasura\u201d, otro porcentaje similar dijo no saber. Solo el 2% brind\u00f3 una respuesta acorde a lo que establece la Ley 8.839 para la gesti\u00f3n integral de los residuos.<\/p>\n<p><strong>Proceso de descomposici\u00f3n de residuos<\/strong><\/p>\n<p>En cuanto a pr\u00e1cticas que suelen implementarse, existe amplia conciencia (95%) de que algunos residuos s\u00f3lidos pueden recuperarse para ser transformados en otros materiales. Para el 90% de los encuestados, algunos de los restos de comida se pueden descomponer para el proceso de compostaje. En valores inferiores, algunas percepciones muestran la otra cara de la moneda. Un 43% estima que es mejor comprar un art\u00edculo nuevo que reparar algo da\u00f1ado, mientras que un 19% estar\u00eda de acuerdo en que se acepten bolsas pl\u00e1sticas al hacer las compras, \u201ca pesar de que se proh\u00edbe la comercializaci\u00f3n y entrega gratuita al consumidor final en supermercados y establecimientos, tal como lo indica la Ley No. 9.786, para combatir la contaminaci\u00f3n por pl\u00e1stico y proteger el ambiente,\u201d, indica el estudio.<\/p>\n<p>En lo que respecta a la disposici\u00f3n final de residuos org\u00e1nicos, un 45% los utiliza para compostaje, otro 29% los entierran o los utilizan para las plantas, un 15% son para animales y otro 4% los entregan a las municipalidades, de manera separada. \u201cAlrededor de 7 de cada 10 personas realizan acciones en las cuales a los rsiduos org\u00e1nicos se les brinda un manejo diferenciado, dado su proceso de descomposici\u00f3n. Esto es un escenario favorable en vista de que estos residuos son los m\u00e1s generados en los hogares\u201d, precisa el estudio.<\/p>\n<p>La misma investigaci\u00f3n determina, y de acuerdo con datos del Ministerio de Salud al 2023, que un 53% de los residuos generados en los hogares son org\u00e1nicos. La encuesta se llev\u00f3 a cabo del 7 al 17 de junio de 2024 desde el Centro Tecnol\u00f3gico de Investigaci\u00f3n Social (CETIS) del Idespo. Posee un 95% de confianza con un 3% de error de muestreo y abarca al 98% de la poblaci\u00f3n. El cuestionario se construy\u00f3 con apoyo del Ministerio de Salud, el Ministerio de Ambiente y Energ\u00eda y el proyecto Residuos Electr\u00f3nicos Am\u00e9rica Latina PREAL-Costa Rica.<\/p>\n","protected":false},"excerpt":{"rendered":"<div class=\"mh-excerpt\"><p>Separar los residuos s\u00f3lidos ordinarios que se generan en el hogar y clasificarlos no es una tarea cotidiana para el 57% de las personas encuestadas por parte del programa Horizontes Ambientales del Instituto de Estudios <a class=\"mh-excerpt-more\" href=\"https:\/\/anexioncr.com\/index.php\/2024\/11\/28\/ticos-desconocen-el-concepto-de-residuos-solidos-ordinarios\/\" title=\"Ticos desconocen el concepto de residuos s\u00f3lidos ordinarios\">[&#8230;]<\/a><\/p>\n<\/div>","protected":false},"author":1,"featured_media":3002,"comment_status":"open","ping_status":"open","sticky":false,"template":"","format":"standard","meta":{"_monsterinsights_skip_tracking":false,"_monsterinsights_sitenote_active":false,"_monsterinsights_sitenote_note":"","_monsterinsights_sitenote_category":0,"_uf_show_specific_survey":0,"_uf_disable_surveys":false,"footnotes":""},"categories":[36,34],"tags":[],"class_list":{"0":"post-3001","1":"post","2":"type-post","3":"status-publish","4":"format-standard","5":"has-post-thumbnail","7":"category-destacados","8":"category-provincia"},"_links":{"self":[{"href":"https:\/\/anexioncr.com\/index.php\/wp-json\/wp\/v2\/posts\/3001","targetHints":{"allow":["GET"]}}],"collection":[{"href":"https:\/\/anexioncr.com\/index.php\/wp-json\/wp\/v2\/posts"}],"about":[{"href":"https:\/\/anexioncr.com\/index.php\/wp-json\/wp\/v2\/types\/post"}],"author":[{"embeddable":true,"href":"https:\/\/anexioncr.com\/index.php\/wp-json\/wp\/v2\/users\/1"}],"replies":[{"embeddable":true,"href":"https:\/\/anexioncr.com\/index.php\/wp-json\/wp\/v2\/comments?post=3001"}],"version-history":[{"count":1,"href":"https:\/\/anexioncr.com\/index.php\/wp-json\/wp\/v2\/posts\/3001\/revisions"}],"predecessor-version":[{"id":3003,"href":"https:\/\/anexioncr.com\/index.php\/wp-json\/wp\/v2\/posts\/3001\/revisions\/3003"}],"wp:featuredmedia":[{"embeddable":true,"href":"https:\/\/anexioncr.com\/index.php\/wp-json\/wp\/v2\/media\/3002"}],"wp:attachment":[{"href":"https:\/\/anexioncr.com\/index.php\/wp-json\/wp\/v2\/media?parent=3001"}],"wp:term":[{"taxonomy":"category","embeddable":true,"href":"https:\/\/anexioncr.com\/index.php\/wp-json\/wp\/v2\/categories?post=3001"},{"taxonomy":"post_tag","embeddable":true,"href":"https:\/\/anexioncr.com\/index.php\/wp-json\/wp\/v2\/tags?post=3001"}],"curies":[{"name":"wp","href":"https:\/\/api.w.org\/{rel}","templated":true}]}}