{"id":2996,"date":"2024-11-28T13:36:35","date_gmt":"2024-11-28T19:36:35","guid":{"rendered":"https:\/\/anexioncr.com\/?p=2996"},"modified":"2024-11-28T13:36:35","modified_gmt":"2024-11-28T19:36:35","slug":"97-jovenes-se-graduaron-como-profesionales-en-la-sede-una-liberia","status":"publish","type":"post","link":"https:\/\/anexioncr.com\/index.php\/2024\/11\/28\/97-jovenes-se-graduaron-como-profesionales-en-la-sede-una-liberia\/","title":{"rendered":"97 j\u00f3venes se graduaron como profesionales en la sede UNA Liberia"},"content":{"rendered":"<p>Fue la Segunda Ceremonia de Graduaci\u00f3n del 2024, en una ceremonia, cargada de reflexiones y mensajes inspiradores, ya que representa no solo el fin de una etapa, sino tambi\u00e9n el inicio de<br \/>\nun compromiso con la sociedad costarricense.<\/p>\n<p>El presidente de la Asociaci\u00f3n de Estudiantes de la UNA Campus Liberia, Brian Ramos Benavides, dijo que \u201cesta graduaci\u00f3n no solo es un logro de los estudiantes, sino tambi\u00e9n de cada persona que los ha alentado y cre\u00eddo en ellos. Padres, madres, abuelos, amigos, hermanos y compa\u00f1eros: su apoyo incondicional ha sido crucial en este viaje\u201d.<\/p>\n<p>Wagner Castro Castillo, decano de la Sede Regional Chorotega, dijo que \u201ceste d\u00eda no solamente celebra el esfuerzo acad\u00e9mico, sino tambi\u00e9n la perseverancia y la pasi\u00f3n que han mostrado en sus estudios. Ustedes son un ejemplo vivo de la misi\u00f3n que tenemos como universidad: formar profesionales comprometidos con construir un mundo m\u00e1s justo, inclusivo y sostenible.<\/p>\n<p>La rectora adjunta, Marianela Rojas Garbanzo, inst\u00f3 a los graduandos a ejercer su profesi\u00f3n con integridad y \u00e9tica, record\u00e1ndoles que el car\u00e1cter y los valores son tan importantes como el<br \/>\nconocimiento t\u00e9cnico. La ceremonia, marcada por mensajes de gratitud y responsabilidad social, reflej\u00f3 la misi\u00f3n de la Universidad Nacional de formar profesionales comprometidos con la construcci\u00f3n de una sociedad m\u00e1s justa, inclusiva y sostenible.<\/p>\n","protected":false},"excerpt":{"rendered":"<div class=\"mh-excerpt\"><p>Fue la Segunda Ceremonia de Graduaci\u00f3n del 2024, en una ceremonia, cargada de reflexiones y mensajes inspiradores, ya que representa no solo el fin de una etapa, sino tambi\u00e9n el inicio de un compromiso con <a class=\"mh-excerpt-more\" href=\"https:\/\/anexioncr.com\/index.php\/2024\/11\/28\/97-jovenes-se-graduaron-como-profesionales-en-la-sede-una-liberia\/\" title=\"97 j\u00f3venes se graduaron como profesionales en la sede UNA Liberia\">[&#8230;]<\/a><\/p>\n<\/div>","protected":false},"author":1,"featured_media":2997,"comment_status":"open","ping_status":"open","sticky":false,"template":"","format":"standard","meta":{"_monsterinsights_skip_tracking":false,"_monsterinsights_sitenote_active":false,"_monsterinsights_sitenote_note":"","_monsterinsights_sitenote_category":0,"_uf_show_specific_survey":0,"_uf_disable_surveys":false,"footnotes":""},"categories":[34],"tags":[],"class_list":{"0":"post-2996","1":"post","2":"type-post","3":"status-publish","4":"format-standard","5":"has-post-thumbnail","7":"category-provincia"},"_links":{"self":[{"href":"https:\/\/anexioncr.com\/index.php\/wp-json\/wp\/v2\/posts\/2996","targetHints":{"allow":["GET"]}}],"collection":[{"href":"https:\/\/anexioncr.com\/index.php\/wp-json\/wp\/v2\/posts"}],"about":[{"href":"https:\/\/anexioncr.com\/index.php\/wp-json\/wp\/v2\/types\/post"}],"author":[{"embeddable":true,"href":"https:\/\/anexioncr.com\/index.php\/wp-json\/wp\/v2\/users\/1"}],"replies":[{"embeddable":true,"href":"https:\/\/anexioncr.com\/index.php\/wp-json\/wp\/v2\/comments?post=2996"}],"version-history":[{"count":1,"href":"https:\/\/anexioncr.com\/index.php\/wp-json\/wp\/v2\/posts\/2996\/revisions"}],"predecessor-version":[{"id":2998,"href":"https:\/\/anexioncr.com\/index.php\/wp-json\/wp\/v2\/posts\/2996\/revisions\/2998"}],"wp:featuredmedia":[{"embeddable":true,"href":"https:\/\/anexioncr.com\/index.php\/wp-json\/wp\/v2\/media\/2997"}],"wp:attachment":[{"href":"https:\/\/anexioncr.com\/index.php\/wp-json\/wp\/v2\/media?parent=2996"}],"wp:term":[{"taxonomy":"category","embeddable":true,"href":"https:\/\/anexioncr.com\/index.php\/wp-json\/wp\/v2\/categories?post=2996"},{"taxonomy":"post_tag","embeddable":true,"href":"https:\/\/anexioncr.com\/index.php\/wp-json\/wp\/v2\/tags?post=2996"}],"curies":[{"name":"wp","href":"https:\/\/api.w.org\/{rel}","templated":true}]}}