{"id":2974,"date":"2024-11-28T11:12:16","date_gmt":"2024-11-28T17:12:16","guid":{"rendered":"https:\/\/anexioncr.com\/?p=2974"},"modified":"2024-11-28T11:12:16","modified_gmt":"2024-11-28T17:12:16","slug":"peligrosa-situacion-de-costa-rica-debe-ser-atendida","status":"publish","type":"post","link":"https:\/\/anexioncr.com\/index.php\/2024\/11\/28\/peligrosa-situacion-de-costa-rica-debe-ser-atendida\/","title":{"rendered":"Peligrosa situaci\u00f3n de Costa Rica debe ser atendida"},"content":{"rendered":"<p>El Programa Estado de la Naci\u00f3n (PEN) adscrito al Consejo Nacional de Rectores (CONARE) present\u00f3 el Informe del Estado de la Naci\u00f3n N\u00ba30. Al cierre del primer cuarto del siglo XXI, Costa Rica atraviesa por una peligrosa situaci\u00f3n que, mal atendida, tiene el potencial de desestabilizar logros hist\u00f3ricos de su desarrollo humano sostenible y de su democracia.<\/p>\n<p>Conclusiones del Informe del Estado de la Naci\u00f3n<\/p>\n<p>Los cambios de las \u00faltimas tres d\u00e9cadas crearon progreso, pero tambi\u00e9n tensiones y desaf\u00edos para cumplir con el contrato social costarricense: Un per\u00edodo de m\u00faltiples y complejas transformaciones hist\u00f3ricas. Se expandieron los alcances del contrato social, pero sin resolver los puntos ciegos del estilo de desarrollo. El crecimiento y la estabilidad macroecon\u00f3mica se est\u00e1n logrando a costa de crecientes agrietamientos del contrato social:<\/p>\n<p>Mejora fiscal se logra por recortes en la inversi\u00f3n social p\u00fablica e infraestructura y de los recursos para la gesti\u00f3n ambiental. El agrietamiento del contrato social tiene consecuencias en las poblaciones m\u00e1s vulnerables. Emergen cuestionamientos pol\u00edticos a la pertinencia del contrato social.<\/p>\n<p>Un sistema pol\u00edtico enfrascado en un conflicto entre poderes institucionales obstruye la atenci\u00f3n de los desaf\u00edos del desarrollo humano: Conflicto de poderes de la rep\u00fablica \u201capaga\u201d el uso de poderes formales e informales indispensables para la pol\u00edtica p\u00fablica, pero \u201cenciende\u201d otros que generan entrabamiento y antagonismo.<\/p>\n<p>Judicializaci\u00f3n de la pol\u00edtica en un escenario de desarticulaci\u00f3n de la sociedad civil y de polarizaci\u00f3n afectiva sobre la figura del presidente. El crimen organizado irrumpe como grave amenaza al desarrollo humano y la democracia costarricense: El crimen organizado es el principal factor detr\u00e1s del aumento de la violencia homicida. La violencia homicida del crimen organizado forma parte de un c\u00edrculo vicioso contrario al desarrollo humano.<\/p>\n<p>La pol\u00edtica de seguridad p\u00fablica fue insuficiente para prevenir el auge del crimen organizado y es lenta para ajustarse a la nueva realidad. Especialistas y sociedad civil coinciden en la prioridad de la prevenci\u00f3n social y el fortalecimiento de las capacidades de respuesta policial. Deterioro del ingreso de los hogares en la \u00faltima d\u00e9cada dificulta bajar la pobreza y la desigualdad por debajo del promedio hist\u00f3rico.<\/p>\n<p>Baja ingreso de hogares: El ingreso promedio de los hogares en el 2023 es casi una quinta parte inferior al reportado hace 10 a\u00f1os. Pobreza por ingresos se acerca al promedio de mediano plazo, la mutidimensional sigue bajando y alcanza el m\u00ednimo. En 30 a\u00f1os el perfil de pobreza cambi\u00f3 poco, pero sobresale su aumento en la ni\u00f1ez y adolescencia. Disminuye el porcentaje de hogares en condici\u00f3n de vulnerabilidad a la pobreza en comparaci\u00f3n con 30 a\u00f1os atr\u00e1s, sin progresos en la \u00faltima d\u00e9cada.<\/p>\n<p>Las amplias disparidades en los recursos asignados y en el uso de los servicios en las \u00e1reas de salud refuerzan las desigualdades en el territorio. Manejo pol\u00edtico de la inversi\u00f3n social p\u00fablica aplica recortes en servicios sociales fundamentales para el desarrollo humano de la poblaci\u00f3n. Se estanca la inversi\u00f3n social real por habitante por cuarto a\u00f1o consecutivo. Servicios en educaci\u00f3n y salud sufren los mayores recortes, crecen los rubros de pensiones y servicios municipales.<\/p>\n<p>La inversi\u00f3n social en programas selectivos pierde prioridad. De mantenerse la pol\u00edtica fiscal actual en el pr\u00f3ximo quinquenio, los escenarios para los programas sociales son poco alentadores. La prioridad de la pol\u00edtica social de combate de la pobreza cambia hacia un enfoque m\u00e1s asistencial. Beneficios sociales hasta el 2020 incluyen programas asistenciales y de formaci\u00f3n de capital humano y productivo. Ante la contracci\u00f3n de la inversi\u00f3n social en el 2023, se prioriza en la poblaci\u00f3n pobre con programas asistenciales.<\/p>\n<p>Deterioro en las oportunidades de empleo y salida del mercado laboral afectan simult\u00e1neamente a poblaciones vulnerables En el 2023 se contrajo simult\u00e1neamente el empleo y el desempleo. Creaci\u00f3n de empleos formales es insuficiente para cubrir la p\u00e9rdida de los informales. Contin\u00faa el aumento de las personas en edad de trabajar fuera del mercado laboral. Despu\u00e9s de cuatro a\u00f1os, los empleos de baja calificaci\u00f3n recuperan los ingresos laborales.<\/p>\n<p>Falta de acceso a derechos b\u00e1sicos para la ni\u00f1ez, la poblaci\u00f3n joven y de las zonas costeras nutre la crisis de seguridad ciudadana y empeora la integraci\u00f3n social Tasa de homicidios se dispar\u00f3 en el 2023 a 17,2 casos por 100.000 habitantes. La creciente violencia homicida es m\u00e1s intensa en zonas de alto rezago social y con importante presencia de menores de edad. Cantones con altas tasas de homicidios se ubican principalmente en zonas costeras del Caribe y del Pac\u00edfico Central.<\/p>\n","protected":false},"excerpt":{"rendered":"<div class=\"mh-excerpt\"><p>El Programa Estado de la Naci\u00f3n (PEN) adscrito al Consejo Nacional de Rectores (CONARE) present\u00f3 el Informe del Estado de la Naci\u00f3n N\u00ba30. Al cierre del primer cuarto del siglo XXI, Costa Rica atraviesa por <a class=\"mh-excerpt-more\" href=\"https:\/\/anexioncr.com\/index.php\/2024\/11\/28\/peligrosa-situacion-de-costa-rica-debe-ser-atendida\/\" title=\"Peligrosa situaci\u00f3n de Costa Rica debe ser atendida\">[&#8230;]<\/a><\/p>\n<\/div>","protected":false},"author":1,"featured_media":1634,"comment_status":"open","ping_status":"open","sticky":false,"template":"","format":"standard","meta":{"_monsterinsights_skip_tracking":false,"_monsterinsights_sitenote_active":false,"_monsterinsights_sitenote_note":"","_monsterinsights_sitenote_category":0,"_uf_show_specific_survey":0,"_uf_disable_surveys":false,"footnotes":""},"categories":[33],"tags":[],"class_list":{"0":"post-2974","1":"post","2":"type-post","3":"status-publish","4":"format-standard","5":"has-post-thumbnail","7":"category-nacionales"},"_links":{"self":[{"href":"https:\/\/anexioncr.com\/index.php\/wp-json\/wp\/v2\/posts\/2974","targetHints":{"allow":["GET"]}}],"collection":[{"href":"https:\/\/anexioncr.com\/index.php\/wp-json\/wp\/v2\/posts"}],"about":[{"href":"https:\/\/anexioncr.com\/index.php\/wp-json\/wp\/v2\/types\/post"}],"author":[{"embeddable":true,"href":"https:\/\/anexioncr.com\/index.php\/wp-json\/wp\/v2\/users\/1"}],"replies":[{"embeddable":true,"href":"https:\/\/anexioncr.com\/index.php\/wp-json\/wp\/v2\/comments?post=2974"}],"version-history":[{"count":2,"href":"https:\/\/anexioncr.com\/index.php\/wp-json\/wp\/v2\/posts\/2974\/revisions"}],"predecessor-version":[{"id":2976,"href":"https:\/\/anexioncr.com\/index.php\/wp-json\/wp\/v2\/posts\/2974\/revisions\/2976"}],"wp:featuredmedia":[{"embeddable":true,"href":"https:\/\/anexioncr.com\/index.php\/wp-json\/wp\/v2\/media\/1634"}],"wp:attachment":[{"href":"https:\/\/anexioncr.com\/index.php\/wp-json\/wp\/v2\/media?parent=2974"}],"wp:term":[{"taxonomy":"category","embeddable":true,"href":"https:\/\/anexioncr.com\/index.php\/wp-json\/wp\/v2\/categories?post=2974"},{"taxonomy":"post_tag","embeddable":true,"href":"https:\/\/anexioncr.com\/index.php\/wp-json\/wp\/v2\/tags?post=2974"}],"curies":[{"name":"wp","href":"https:\/\/api.w.org\/{rel}","templated":true}]}}