{"id":2970,"date":"2024-11-04T16:24:14","date_gmt":"2024-11-04T22:24:14","guid":{"rendered":"https:\/\/anexioncr.com\/?p=2970"},"modified":"2024-11-04T16:24:14","modified_gmt":"2024-11-04T22:24:14","slug":"setena-anula-viabilidad-ambiental-de-proyecto-vistas-de-samara","status":"publish","type":"post","link":"https:\/\/anexioncr.com\/index.php\/2024\/11\/04\/setena-anula-viabilidad-ambiental-de-proyecto-vistas-de-samara\/","title":{"rendered":"SETENA anula Viabilidad Ambiental de proyecto Vistas de S\u00e1mara"},"content":{"rendered":"<ul>\n<li><em>Tambi\u00e9n se realizar\u00e1 una investigaci\u00f3n preliminar para determinar responsabilidades o mejoras al proceso.<\/em><\/li>\n<\/ul>\n<p><strong>\u00a0<\/strong><\/p>\n<p>Mediante la resoluci\u00f3n N\u00b0 1888-2024 la secretar\u00eda T\u00e9cnica Nacional Ambiental (SETENA) del Ministerio de Ambiente y Energ\u00eda (MINAE) anul\u00f3 la Viabilidad Ambiental del Proyecto Vistas de S\u00e1mara, que se hab\u00eda concedido el 23 febrero del 2024, bajo el expediente No. D1-0112-2024.<\/p>\n<p>\u201cDe acuerdo con la solicitud de archivo de parte por el desarrollador y considerando un an\u00e1lisis general del proceso de proceso de obtenci\u00f3n de la Viabilidad Ambiental, la SETENA procedi\u00f3 a dejar sin efecto la Viabilidad Ambiental otorgada, mediante la Resoluci\u00f3n 0318-2024\u201d, detall\u00f3 Andr\u00e9s Cortez, director ai de SETENA.<\/p>\n<p>&nbsp;<\/p>\n<p>Adem\u00e1s, la instituci\u00f3n realizar\u00e1 una investigaci\u00f3n preliminar con el fin de determinar si hay responsabilidades y mejoras al proceso desde el punto de vista t\u00e9cnico\u00a0y\u00a0legal.<\/p>\n<p>Vistas de S\u00e1mara es un proyecto inmobiliario que pretend\u00eda construir 37 torres de 10 pisos cada una con 3 293 unidades familiares y 333 lotes de 120 metros cuadrados en condominio horizontal, en el sector de Cangrejal de Playa S\u00e1mara, cant\u00f3n de Nicoya, Guanacaste.<\/p>\n<p>&nbsp;<\/p>\n<p>&nbsp;<\/p>\n","protected":false},"excerpt":{"rendered":"<div class=\"mh-excerpt\"><p>Tambi\u00e9n se realizar\u00e1 una investigaci\u00f3n preliminar para determinar responsabilidades o mejoras al proceso. \u00a0 Mediante la resoluci\u00f3n N\u00b0 1888-2024 la secretar\u00eda T\u00e9cnica Nacional Ambiental (SETENA) del Ministerio de Ambiente y Energ\u00eda (MINAE) anul\u00f3 la Viabilidad <a class=\"mh-excerpt-more\" href=\"https:\/\/anexioncr.com\/index.php\/2024\/11\/04\/setena-anula-viabilidad-ambiental-de-proyecto-vistas-de-samara\/\" title=\"SETENA anula Viabilidad Ambiental de proyecto Vistas de S\u00e1mara\">[&#8230;]<\/a><\/p>\n<\/div>","protected":false},"author":1,"featured_media":2971,"comment_status":"open","ping_status":"open","sticky":false,"template":"","format":"standard","meta":{"_monsterinsights_skip_tracking":false,"_monsterinsights_sitenote_active":false,"_monsterinsights_sitenote_note":"","_monsterinsights_sitenote_category":0,"_uf_show_specific_survey":0,"_uf_disable_surveys":false,"footnotes":""},"categories":[35,36],"tags":[],"class_list":{"0":"post-2970","1":"post","2":"type-post","3":"status-publish","4":"format-standard","5":"has-post-thumbnail","7":"category-cantones","8":"category-destacados"},"_links":{"self":[{"href":"https:\/\/anexioncr.com\/index.php\/wp-json\/wp\/v2\/posts\/2970","targetHints":{"allow":["GET"]}}],"collection":[{"href":"https:\/\/anexioncr.com\/index.php\/wp-json\/wp\/v2\/posts"}],"about":[{"href":"https:\/\/anexioncr.com\/index.php\/wp-json\/wp\/v2\/types\/post"}],"author":[{"embeddable":true,"href":"https:\/\/anexioncr.com\/index.php\/wp-json\/wp\/v2\/users\/1"}],"replies":[{"embeddable":true,"href":"https:\/\/anexioncr.com\/index.php\/wp-json\/wp\/v2\/comments?post=2970"}],"version-history":[{"count":1,"href":"https:\/\/anexioncr.com\/index.php\/wp-json\/wp\/v2\/posts\/2970\/revisions"}],"predecessor-version":[{"id":2972,"href":"https:\/\/anexioncr.com\/index.php\/wp-json\/wp\/v2\/posts\/2970\/revisions\/2972"}],"wp:featuredmedia":[{"embeddable":true,"href":"https:\/\/anexioncr.com\/index.php\/wp-json\/wp\/v2\/media\/2971"}],"wp:attachment":[{"href":"https:\/\/anexioncr.com\/index.php\/wp-json\/wp\/v2\/media?parent=2970"}],"wp:term":[{"taxonomy":"category","embeddable":true,"href":"https:\/\/anexioncr.com\/index.php\/wp-json\/wp\/v2\/categories?post=2970"},{"taxonomy":"post_tag","embeddable":true,"href":"https:\/\/anexioncr.com\/index.php\/wp-json\/wp\/v2\/tags?post=2970"}],"curies":[{"name":"wp","href":"https:\/\/api.w.org\/{rel}","templated":true}]}}