{"id":2922,"date":"2024-10-30T10:20:26","date_gmt":"2024-10-30T16:20:26","guid":{"rendered":"https:\/\/anexioncr.com\/?p=2922"},"modified":"2024-10-30T10:20:26","modified_gmt":"2024-10-30T16:20:26","slug":"mi-yo-y-mi-entorno","status":"publish","type":"post","link":"https:\/\/anexioncr.com\/index.php\/2024\/10\/30\/mi-yo-y-mi-entorno\/","title":{"rendered":"Mi yo y mi entorno"},"content":{"rendered":"<p>Mi vida de infancia y adolescencia fue plet\u00f3rica de mensajes naturales preciosos, donde el sol siempre sal\u00eda curioso durante los amaneceres de d\u00edas c\u00e1lidos cargados de ox\u00edgeno y energ\u00eda, elementos fundamentales para la vida de todos los seres que cohabitan en aquel vergel. Inviernos verdes rebosantes de plantas, flores y frutos, fuente de alimento para los insectos, animales y los seres humanos.<\/p>\n<p>Todav\u00eda no hab\u00eda vivido ni conocido lo suficiente como para valorar en su dimensi\u00f3n aquel verdadero jard\u00edn. Hoy, en el oto\u00f1o de mi vida ya con menos energ\u00eda que limita mis movimientos y<br \/>\nunas cataratas que empa\u00f1an mi visi\u00f3n, en mi cerebro ya envejecido miles de neuronas todav\u00eda guardan aquellos recuerdos llenos de un sinf\u00edn de tonalidades, formas, texturas y m\u00fasica al natural que brotaba de la interioridad de una gran cantidad de aves cantoras, las cuales traigo a tiempo presente como si fueran fuente vital de mi existencia, la que hoy disfruto y comparto con mi<br \/>\ndescendencia, a veces haciendo alarde de la experiencia y un tanto de sapiencia producto del pasar de los a\u00f1os.<\/p>\n<p>Tan bellos eran nuestros d\u00edas en aquellos tiempos que, el radiante sol en el cenit no era impedimento para correr, jugar, trabajar y disfrutar. Ni se diga de aquellos imponentes celajes cuando se produc\u00eda un verdadero cortejo entre los rayos del rey sol y las aguas saladas del opulento mar, un encuentro de energ\u00eda solar y sabia marina en un paisaje l\u00fadico, rom\u00e1ntico y sensual que transformaba la tristeza en alegr\u00eda, la derrota en oportunidad, los peligros en retos, el miedo en soluciones, la oscuridad en claridad, el ego\u00edsmo en bondad, el viento en m\u00fasica y los ruidos en canciones rom\u00e1nticas.<\/p>\n<p>Emulaba una puerta multicolor que custodiaba la entrada al para\u00edso terrenal donde las hojas verdes de los exuberantes \u00e1rboles de selvas milenarias en los bosques primarios y otro tanto secundarios convert\u00edan el CO 2 t\u00f3xico para los seres humanos y animales en el O2 indispensable para la vida. Tambi\u00e9n los r\u00edos surcaban aquel para\u00edso terrenal, embelleciendo y resultando ser fuente de vida para una gran variedad de plantas, insectos, crust\u00e1ceos y peces, los cuales en su gran mayor\u00eda completan su viaje hasta formar parte del Oc\u00e9ano Pacifico y otra parte uni\u00e9ndose al Oc\u00e9ano Atl\u00e1ntico.<\/p>\n<p>En aquellos tiempos dorados de mi infancia y adolescencia todo me parec\u00eda algo rutinario y tradicional, pues eran paisajes del vivir diario donde se retrataba hecho realidad el pincel asido de la mano de un ser Superior quien, con su sabidur\u00eda hab\u00eda logrado que el planeta tierra estuviera ubicado en el lugar ideal para que los rayos del sol no lo calentaron tanto como para que la vida no fuera posible, ni tan lejos como para que la tierra se hubiera enfriado impidiendo que se pudiera habitar.<\/p>\n<p>En aquellos tiempos buc\u00f3licos de mi infancia y adolescencia cuando empezaba a saturar mis neuronas de conocimientos: en mi hogar, centros educativos, la iglesia, en la calle, los r\u00edos, en los lugares de esparcimiento, en la bre\u00f1a y en las tierras de cultivos ya fuera: estudiando, trabajando, jugando, peleando o rezando yo siempre estaba ocupado y mis neuronas muy activas, unas aprendiendo y guardando, otras so\u00f1ando, muchas creando e inventando.<\/p>\n<p>En aquel torbellino de emociones, pensamientos, fantas\u00edas, creencias, sue\u00f1os e ilusiones, entre risas, saltos, canciones y oraciones me fui forjando, f\u00edsica, ps\u00edquica y mentalmente para ir creando y conformando el ser humano que hoy soy con muchas virtudes y otro tanto de defectos, abriendo un espacio a veces extenso y otras estrecho, entre luces y claroscuros que han conformado mi personalidad, car\u00e1cter y voluntad al servicio de mi familia, el mundo que me rodea y la humanidad.<\/p>\n","protected":false},"excerpt":{"rendered":"<div class=\"mh-excerpt\"><p>Mi vida de infancia y adolescencia fue plet\u00f3rica de mensajes naturales preciosos, donde el sol siempre sal\u00eda curioso durante los amaneceres de d\u00edas c\u00e1lidos cargados de ox\u00edgeno y energ\u00eda, elementos fundamentales para la vida de <a class=\"mh-excerpt-more\" href=\"https:\/\/anexioncr.com\/index.php\/2024\/10\/30\/mi-yo-y-mi-entorno\/\" title=\"Mi yo y mi entorno\">[&#8230;]<\/a><\/p>\n<\/div>","protected":false},"author":1,"featured_media":2290,"comment_status":"open","ping_status":"open","sticky":false,"template":"","format":"standard","meta":{"_monsterinsights_skip_tracking":false,"_monsterinsights_sitenote_active":false,"_monsterinsights_sitenote_note":"","_monsterinsights_sitenote_category":0,"_uf_show_specific_survey":0,"_uf_disable_surveys":false,"footnotes":""},"categories":[1],"tags":[],"class_list":{"0":"post-2922","1":"post","2":"type-post","3":"status-publish","4":"format-standard","5":"has-post-thumbnail","7":"category-uncategorized"},"_links":{"self":[{"href":"https:\/\/anexioncr.com\/index.php\/wp-json\/wp\/v2\/posts\/2922","targetHints":{"allow":["GET"]}}],"collection":[{"href":"https:\/\/anexioncr.com\/index.php\/wp-json\/wp\/v2\/posts"}],"about":[{"href":"https:\/\/anexioncr.com\/index.php\/wp-json\/wp\/v2\/types\/post"}],"author":[{"embeddable":true,"href":"https:\/\/anexioncr.com\/index.php\/wp-json\/wp\/v2\/users\/1"}],"replies":[{"embeddable":true,"href":"https:\/\/anexioncr.com\/index.php\/wp-json\/wp\/v2\/comments?post=2922"}],"version-history":[{"count":1,"href":"https:\/\/anexioncr.com\/index.php\/wp-json\/wp\/v2\/posts\/2922\/revisions"}],"predecessor-version":[{"id":2923,"href":"https:\/\/anexioncr.com\/index.php\/wp-json\/wp\/v2\/posts\/2922\/revisions\/2923"}],"wp:featuredmedia":[{"embeddable":true,"href":"https:\/\/anexioncr.com\/index.php\/wp-json\/wp\/v2\/media\/2290"}],"wp:attachment":[{"href":"https:\/\/anexioncr.com\/index.php\/wp-json\/wp\/v2\/media?parent=2922"}],"wp:term":[{"taxonomy":"category","embeddable":true,"href":"https:\/\/anexioncr.com\/index.php\/wp-json\/wp\/v2\/categories?post=2922"},{"taxonomy":"post_tag","embeddable":true,"href":"https:\/\/anexioncr.com\/index.php\/wp-json\/wp\/v2\/tags?post=2922"}],"curies":[{"name":"wp","href":"https:\/\/api.w.org\/{rel}","templated":true}]}}