{"id":2909,"date":"2024-10-30T09:50:55","date_gmt":"2024-10-30T15:50:55","guid":{"rendered":"https:\/\/anexioncr.com\/?p=2909"},"modified":"2024-10-30T09:51:18","modified_gmt":"2024-10-30T15:51:18","slug":"guanacaste-con-el-ice-tendra-planta-solar-mas-grande-de-costa-rica","status":"publish","type":"post","link":"https:\/\/anexioncr.com\/index.php\/2024\/10\/30\/guanacaste-con-el-ice-tendra-planta-solar-mas-grande-de-costa-rica\/","title":{"rendered":"Guanacaste con el ICE, tendr\u00e1 planta solar m\u00e1s grande de Costa Rica"},"content":{"rendered":"<p>El Consejo Directivo del Instituto Costarricense de Electricidad (ICE) aprob\u00f3 el inicio de la fase de factibilidad para el desarrollo del Proyecto Solar Fotovoltaico Colorado, as\u00ed como la formalizaci\u00f3n de su etapa de implementaci\u00f3n.<\/p>\n<p>Con esta decisi\u00f3n se da inicio al proceso para la construcci\u00f3n de la nueva obra, ubicada en el distrito de Colorado, cant\u00f3n guanacasteco de Abangares, inform\u00f3 el ICE. Con base en las caracter\u00edsticas t\u00e9cnicas del modelado de la planta y el c\u00e1lculo del \u00e1rea aprovechable de la huella solar, Colorado aportar\u00e1 66 megavatios de capacidad instalada. La infraestructura fortalecer\u00e1 la cartera de proyectos para cubrir los requerimientos de generaci\u00f3n de energ\u00eda, seg\u00fan lo establecido en el Plan de Expansi\u00f3n de la Generaci\u00f3n 2022-2040.<\/p>\n<p>La producci\u00f3n anual de Colorado se estima en 139,49 gigavatios hora, con un factor de planta de 23,9%. La inversi\u00f3n ser\u00e1 cercana a los $80 millones y entrar\u00e1 en operaci\u00f3n en 2027. Para el informe de factibilidad se deben integrar un conjunto de investigaciones t\u00e9cnicas, legales, ambientales, sociales, econ\u00f3micas y financieras, que brindan el resultado y las conclusiones que respaldan la conveniencia de su integraci\u00f3n al Sistema El\u00e9ctrico Nacional (SEN).<\/p>\n<p>\u201cEste proyecto forma parte de los esfuerzos que hace el Instituto para dotar al pa\u00eds de m\u00e1s generaci\u00f3n renovable, que permitan satisfacer la creciente demanda actual y futura del pa\u00eds. Ser\u00e1 la planta solar m\u00e1s grande de Costa Rica\u201d, indic\u00f3 Marco Acu\u00f1a, presidente de Grupo ICE.<\/p>\n","protected":false},"excerpt":{"rendered":"<div class=\"mh-excerpt\"><p>El Consejo Directivo del Instituto Costarricense de Electricidad (ICE) aprob\u00f3 el inicio de la fase de factibilidad para el desarrollo del Proyecto Solar Fotovoltaico Colorado, as\u00ed como la formalizaci\u00f3n de su etapa de implementaci\u00f3n. Con <a class=\"mh-excerpt-more\" href=\"https:\/\/anexioncr.com\/index.php\/2024\/10\/30\/guanacaste-con-el-ice-tendra-planta-solar-mas-grande-de-costa-rica\/\" title=\"Guanacaste con el ICE, tendr\u00e1 planta solar m\u00e1s grande de Costa Rica\">[&#8230;]<\/a><\/p>\n<\/div>","protected":false},"author":1,"featured_media":2493,"comment_status":"open","ping_status":"open","sticky":false,"template":"","format":"standard","meta":{"_monsterinsights_skip_tracking":false,"_monsterinsights_sitenote_active":false,"_monsterinsights_sitenote_note":"","_monsterinsights_sitenote_category":0,"_uf_show_specific_survey":0,"_uf_disable_surveys":false,"footnotes":""},"categories":[36,34],"tags":[],"class_list":{"0":"post-2909","1":"post","2":"type-post","3":"status-publish","4":"format-standard","5":"has-post-thumbnail","7":"category-destacados","8":"category-provincia"},"_links":{"self":[{"href":"https:\/\/anexioncr.com\/index.php\/wp-json\/wp\/v2\/posts\/2909","targetHints":{"allow":["GET"]}}],"collection":[{"href":"https:\/\/anexioncr.com\/index.php\/wp-json\/wp\/v2\/posts"}],"about":[{"href":"https:\/\/anexioncr.com\/index.php\/wp-json\/wp\/v2\/types\/post"}],"author":[{"embeddable":true,"href":"https:\/\/anexioncr.com\/index.php\/wp-json\/wp\/v2\/users\/1"}],"replies":[{"embeddable":true,"href":"https:\/\/anexioncr.com\/index.php\/wp-json\/wp\/v2\/comments?post=2909"}],"version-history":[{"count":1,"href":"https:\/\/anexioncr.com\/index.php\/wp-json\/wp\/v2\/posts\/2909\/revisions"}],"predecessor-version":[{"id":2910,"href":"https:\/\/anexioncr.com\/index.php\/wp-json\/wp\/v2\/posts\/2909\/revisions\/2910"}],"wp:featuredmedia":[{"embeddable":true,"href":"https:\/\/anexioncr.com\/index.php\/wp-json\/wp\/v2\/media\/2493"}],"wp:attachment":[{"href":"https:\/\/anexioncr.com\/index.php\/wp-json\/wp\/v2\/media?parent=2909"}],"wp:term":[{"taxonomy":"category","embeddable":true,"href":"https:\/\/anexioncr.com\/index.php\/wp-json\/wp\/v2\/categories?post=2909"},{"taxonomy":"post_tag","embeddable":true,"href":"https:\/\/anexioncr.com\/index.php\/wp-json\/wp\/v2\/tags?post=2909"}],"curies":[{"name":"wp","href":"https:\/\/api.w.org\/{rel}","templated":true}]}}