{"id":2843,"date":"2024-09-04T08:52:00","date_gmt":"2024-09-04T14:52:00","guid":{"rendered":"https:\/\/anexioncr.com\/?p=2843"},"modified":"2024-09-04T08:52:00","modified_gmt":"2024-09-04T14:52:00","slug":"junta-directiva-nombra-a-rosaysella-ulloa-villalobos-como-gerente-general-del-bn","status":"publish","type":"post","link":"https:\/\/anexioncr.com\/index.php\/2024\/09\/04\/junta-directiva-nombra-a-rosaysella-ulloa-villalobos-como-gerente-general-del-bn\/","title":{"rendered":"Junta Directiva nombra a Rosaysella Ulloa Villalobos como Gerente General del BN"},"content":{"rendered":"<ul>\n<li>En el a\u00f1o del 110 aniversario, la Junta Directiva General hace historia al designar a la primera mujer como Gerente General del banco.<\/li>\n<\/ul>\n<p>&nbsp;<\/p>\n<p>La Junta Directiva General del Banco Nacional (BN) nombr\u00f3 a Rosaysella Ulloa Villalobos como Gerente General de la instituci\u00f3n, en la sesi\u00f3n ordinaria 12.714 de este martes 3 de setiembre del<br \/>\n2024.<\/p>\n<p>\u201cEl BN es el motor que impulsa el crecimiento econ\u00f3mico, social y ambiental de Costa Rica. Hoy celebro un sue\u00f1o personal que se ha escrito durante 32 a\u00f1os de carrera en esta instituci\u00f3n, a la que llegu\u00e9 en el 1992 como analista de cr\u00e9dito y cuentas corrientes. Agradezco a la Junta Directiva por confiar en nuestro equipo, en nuestro plan de trabajo y en la ruta que hemos propuesto y sobre la que vamos avanzando. El banco est\u00e1 cada vez m\u00e1s enfocado en ofrecer un mejor servicio al cliente en cada interacci\u00f3n f\u00edsica o digital, ese el objetivo y el compromiso en nuestro 110 aniversario\u201d, indic\u00f3 Ulloa.<\/p>\n<p>La nueva Gerente General del BN ocup\u00f3 el cargo de manera interina desde el 13 de diciembre del 2023 hasta el 3 de setiembre del 2024. Su nombramiento es por un periodo de 6 a\u00f1os hasta el 3 de setiembre del 2030.<\/p>\n<p><strong>Proceso de selecci\u00f3n<\/strong><\/p>\n<p>La decisi\u00f3n se toma luego de un proceso de selecci\u00f3n llevado a cabo por la empresa Doris Peters &amp; Asociados, en el que la se\u00f1ora Ulloa Villalobos obtuvo el primer lugar de los candidatos valorados, por cuanto cumple con el perfil definido y con todos los requisitos legales y normativos establecidos para este puesto. La Junta Directiva considera que ese resultado confirma la valoraci\u00f3n realizada durante su gesti\u00f3n como Gerente General interina, en el que dicho \u00f3rgano colegiado pudo observar en ella su gran capacidad para darle prioridad al cumplimiento de la estrategia corporativa, su liderazgo, la cohesi\u00f3n que ha logrado en la conducci\u00f3n del equipo gerencial, entre muchas otras habilidades y aptitudes fundamentales para el desempe\u00f1o del cargo.<\/p>\n<p>Rosaysella Ulloa Villalobos tiene una extensa carrera bancaria en esta instituci\u00f3n, amplio conocimiento del negocio y ha trabajo en diversas partes del pa\u00eds, y a partir de hoy le corresponder\u00e1 asumir, en propiedad, la Gerencia General de esta importante instituci\u00f3n.<\/p>\n<p><strong>32 a\u00f1os en el BN<\/strong><\/p>\n<p>Rosaysella Ulloa inici\u00f3 su carrera bancaria en 1992 al ingresar a la Sucursal del BN en Alajuela donde trabaj\u00f3 como analista de cr\u00e9dito y cuentas corrientes. Su crecimiento en banca la llev\u00f3 a asumir cargos de jefatura en la Secci\u00f3n Extranjera, a desempe\u00f1arse como ejecutiva de cuenta empresarial y corporativa, as\u00ed como a asumir los puestos de jefa y posteriormente de directora en \u00e1reas como An\u00e1lisis y Formalizaciones de Cr\u00e9dito, Plataforma de Servicios, y Banca de Personas, para luego convertirse en la directora regional Cartago-Sur y directora regional Zona Comercial 3 Cartago Sur y Lim\u00f3n, y Gerente Zona Comercial Heredia.<\/p>\n<p>Antes de ocupar la m\u00e1xima silla del banco, fue Subgerente General de Banca Comercial de la instituci\u00f3n, puesto que desempe\u00f1\u00f3 entre 2018 y diciembre de 2023. Es licenciada en administraci\u00f3n de negocios de la Universidad Latina de Costa Rica y tiene una maestr\u00eda en Administraci\u00f3n de Empresas con especialidad en Concentraci\u00f3n en Banca y Finanzas de Desarrollo de INCAE<br \/>\nBusiness School.<\/p>\n<p>La nueva jerarca se destaca por su aporte y experiencia en el campo de los negocios, en banca y en finanzas. Su carrera se ha desarrollado en el BN a largo de 32 a\u00f1os, donde ha impulsado la implementaci\u00f3n de modelos de desarrollo sostenible, ha liderado procesos de restructuraci\u00f3n donde se destacan logros como alcanzar un crecimiento de la cartera de cr\u00e9dito en el 2023, colocando al BN en el primer lugar del sistema bancario nacional en ese \u00e1mbito. Adem\u00e1s, durante su gesti\u00f3n logr\u00f3 crear disciplina con sistem\u00e1tica en la fuerza de ventas del BN, lo que se traduce en un trabajo que busca mejorar la atenci\u00f3n del cliente.<\/p>\n","protected":false},"excerpt":{"rendered":"<div class=\"mh-excerpt\"><p>En el a\u00f1o del 110 aniversario, la Junta Directiva General hace historia al designar a la primera mujer como Gerente General del banco. &nbsp; La Junta Directiva General del Banco Nacional (BN) nombr\u00f3 a Rosaysella <a class=\"mh-excerpt-more\" href=\"https:\/\/anexioncr.com\/index.php\/2024\/09\/04\/junta-directiva-nombra-a-rosaysella-ulloa-villalobos-como-gerente-general-del-bn\/\" title=\"Junta Directiva nombra a Rosaysella Ulloa Villalobos como Gerente General del BN\">[&#8230;]<\/a><\/p>\n<\/div>","protected":false},"author":1,"featured_media":2844,"comment_status":"open","ping_status":"open","sticky":false,"template":"","format":"standard","meta":{"_monsterinsights_skip_tracking":false,"_monsterinsights_sitenote_active":false,"_monsterinsights_sitenote_note":"","_monsterinsights_sitenote_category":0,"_uf_show_specific_survey":0,"_uf_disable_surveys":false,"footnotes":""},"categories":[33],"tags":[],"class_list":{"0":"post-2843","1":"post","2":"type-post","3":"status-publish","4":"format-standard","5":"has-post-thumbnail","7":"category-nacionales"},"_links":{"self":[{"href":"https:\/\/anexioncr.com\/index.php\/wp-json\/wp\/v2\/posts\/2843","targetHints":{"allow":["GET"]}}],"collection":[{"href":"https:\/\/anexioncr.com\/index.php\/wp-json\/wp\/v2\/posts"}],"about":[{"href":"https:\/\/anexioncr.com\/index.php\/wp-json\/wp\/v2\/types\/post"}],"author":[{"embeddable":true,"href":"https:\/\/anexioncr.com\/index.php\/wp-json\/wp\/v2\/users\/1"}],"replies":[{"embeddable":true,"href":"https:\/\/anexioncr.com\/index.php\/wp-json\/wp\/v2\/comments?post=2843"}],"version-history":[{"count":1,"href":"https:\/\/anexioncr.com\/index.php\/wp-json\/wp\/v2\/posts\/2843\/revisions"}],"predecessor-version":[{"id":2845,"href":"https:\/\/anexioncr.com\/index.php\/wp-json\/wp\/v2\/posts\/2843\/revisions\/2845"}],"wp:featuredmedia":[{"embeddable":true,"href":"https:\/\/anexioncr.com\/index.php\/wp-json\/wp\/v2\/media\/2844"}],"wp:attachment":[{"href":"https:\/\/anexioncr.com\/index.php\/wp-json\/wp\/v2\/media?parent=2843"}],"wp:term":[{"taxonomy":"category","embeddable":true,"href":"https:\/\/anexioncr.com\/index.php\/wp-json\/wp\/v2\/categories?post=2843"},{"taxonomy":"post_tag","embeddable":true,"href":"https:\/\/anexioncr.com\/index.php\/wp-json\/wp\/v2\/tags?post=2843"}],"curies":[{"name":"wp","href":"https:\/\/api.w.org\/{rel}","templated":true}]}}