{"id":2833,"date":"2024-09-03T11:21:40","date_gmt":"2024-09-03T17:21:40","guid":{"rendered":"https:\/\/anexioncr.com\/?p=2833"},"modified":"2024-09-03T11:21:54","modified_gmt":"2024-09-03T17:21:54","slug":"el-papa-reclama-a-los-sacerdotes-una-iglesia-de-puertas-abiertas","status":"publish","type":"post","link":"https:\/\/anexioncr.com\/index.php\/2024\/09\/03\/el-papa-reclama-a-los-sacerdotes-una-iglesia-de-puertas-abiertas\/","title":{"rendered":"El Papa reclama a los sacerdotes una  iglesia de \u00abpuertas abiertas\u00bb"},"content":{"rendered":"<p>El Papa ha reclamado a los sacerdotes una iglesia de \u00abpuertas abiertas\u00bb y ha criticado a las comunidades eclesiales que permanecen cerradas y no han aprendido \u00abesta sabidur\u00eda\u00bb. \u00abCu\u00e1ntas veces las comunidades no aprenden esta sabidur\u00eda de abrir puertas\u00bb, ha se\u00f1alado Francisco.<\/p>\n<p>En la ceremonia que ha presidido en la bas\u00edlica de San Pedro del Vaticano, ante m\u00e1s de 5.500 fieles y en presencia de una delegaci\u00f3n del Patriarcado de Constantinopla, el Papa ha instado a que \u00aben v\u00edsperas del a\u00f1o jubilar\u00bb la iglesia se detenga a pensar ante \u00abla imagen de la puerta\u00bb. \u00abEl Jubileo, en efecto, ser\u00e1 un tiempo de gracia en el que abriremos la Puerta Santa, para que todos puedan cruzar el umbral de ese santuario vivo que es Jes\u00fas y, en \u00c9l, experimentar el amor de Dios que vigoriza la esperanza y renueva la alegr\u00eda. Y tambi\u00e9n en la historia de Pedro y Pablo hay puertas que se abren. Meditemos sobre esto\u00bb, ha se\u00f1alado.<\/p>\n<p>En otro pasaje de la homil\u00eda, el Papa ha advertido contra una espiritualidad \u00abs\u00f3lo intimista o consoladora\u00bb como presentan \u00abhoy algunos movimientos de la Iglesia\u00bb o una \u00abespiritualidad de sal\u00f3n\u00bb. Para Francisco, la verdadera espiritualidad nace del encuentro \u00abcon el Se\u00f1or\u00bb y \u00abenciende en la propia vida el celo por la evangelizaci\u00f3n\u00bb. Francisco \u2013 que como es habitual ha entregado el palio, una estola de lana blanca que simboliza la jurisdicci\u00f3n en comuni\u00f3n con la Santa Sede, a los arzobispos metropolitanos consagrados durante el a\u00f1o pasado- se ha detenido en las figuras que la Iglesia celebra este s\u00e1bado -san Pedro y san Pablo de Tarso, patrones de Roma- y ha asegurado que los \u00abdos Ap\u00f3stoles Pedro y Pablo tuvieron la experiencia de la gracia\u00bb.<\/p>\n<p>\u00abTocaron la obra de Dios, que les abri\u00f3 las puertas de su c\u00e1rcel interior y tambi\u00e9n de las c\u00e1rceles reales donde estaban encarcelados a causa del Evangelio. Tambi\u00e9n abri\u00f3 ante ellos las puertas de la evangelizaci\u00f3n, para que pudieran experimentar la alegr\u00eda de encontrarse con sus hermanos y hermanas de las comunidades incipientes y poder llevar a todos la esperanza del Evangelio\u00bb, ha<br \/>\nexplicado. La atenci\u00f3n del Pont\u00edfice se ha dirigido tambi\u00e9n a los arzobispos metropolitanos nombrados en el \u00faltimo a\u00f1o, que como es tradici\u00f3n en este d\u00eda reciben el Palio.<\/p>\n<p>\u00abEn comuni\u00f3n con Pedro y siguiendo el ejemplo de Cristo, puerta de las ovejas\u00bb, ha asegurado el Papa, \u00abest\u00e1n llamados a ser pastores celosos, que abren las puertas del Evangelio y que, con su ministerio, contribuyen a construir una Iglesia y una sociedad de puertas abiertas\u00bb.<\/p>\n","protected":false},"excerpt":{"rendered":"<div class=\"mh-excerpt\"><p>El Papa ha reclamado a los sacerdotes una iglesia de \u00abpuertas abiertas\u00bb y ha criticado a las comunidades eclesiales que permanecen cerradas y no han aprendido \u00abesta sabidur\u00eda\u00bb. \u00abCu\u00e1ntas veces las comunidades no aprenden esta <a class=\"mh-excerpt-more\" href=\"https:\/\/anexioncr.com\/index.php\/2024\/09\/03\/el-papa-reclama-a-los-sacerdotes-una-iglesia-de-puertas-abiertas\/\" title=\"El Papa reclama a los sacerdotes una  iglesia de \u00abpuertas abiertas\u00bb\">[&#8230;]<\/a><\/p>\n<\/div>","protected":false},"author":1,"featured_media":666,"comment_status":"open","ping_status":"open","sticky":false,"template":"","format":"standard","meta":{"_monsterinsights_skip_tracking":false,"_monsterinsights_sitenote_active":false,"_monsterinsights_sitenote_note":"","_monsterinsights_sitenote_category":0,"_uf_show_specific_survey":0,"_uf_disable_surveys":false,"footnotes":""},"categories":[107],"tags":[],"class_list":{"0":"post-2833","1":"post","2":"type-post","3":"status-publish","4":"format-standard","5":"has-post-thumbnail","7":"category-internacional"},"_links":{"self":[{"href":"https:\/\/anexioncr.com\/index.php\/wp-json\/wp\/v2\/posts\/2833","targetHints":{"allow":["GET"]}}],"collection":[{"href":"https:\/\/anexioncr.com\/index.php\/wp-json\/wp\/v2\/posts"}],"about":[{"href":"https:\/\/anexioncr.com\/index.php\/wp-json\/wp\/v2\/types\/post"}],"author":[{"embeddable":true,"href":"https:\/\/anexioncr.com\/index.php\/wp-json\/wp\/v2\/users\/1"}],"replies":[{"embeddable":true,"href":"https:\/\/anexioncr.com\/index.php\/wp-json\/wp\/v2\/comments?post=2833"}],"version-history":[{"count":2,"href":"https:\/\/anexioncr.com\/index.php\/wp-json\/wp\/v2\/posts\/2833\/revisions"}],"predecessor-version":[{"id":2835,"href":"https:\/\/anexioncr.com\/index.php\/wp-json\/wp\/v2\/posts\/2833\/revisions\/2835"}],"wp:featuredmedia":[{"embeddable":true,"href":"https:\/\/anexioncr.com\/index.php\/wp-json\/wp\/v2\/media\/666"}],"wp:attachment":[{"href":"https:\/\/anexioncr.com\/index.php\/wp-json\/wp\/v2\/media?parent=2833"}],"wp:term":[{"taxonomy":"category","embeddable":true,"href":"https:\/\/anexioncr.com\/index.php\/wp-json\/wp\/v2\/categories?post=2833"},{"taxonomy":"post_tag","embeddable":true,"href":"https:\/\/anexioncr.com\/index.php\/wp-json\/wp\/v2\/tags?post=2833"}],"curies":[{"name":"wp","href":"https:\/\/api.w.org\/{rel}","templated":true}]}}