{"id":2825,"date":"2024-09-03T11:04:13","date_gmt":"2024-09-03T17:04:13","guid":{"rendered":"https:\/\/anexioncr.com\/?p=2825"},"modified":"2024-09-03T11:04:13","modified_gmt":"2024-09-03T17:04:13","slug":"ministro-de-cultura-y-juventud-vamos-a-potenciar-los-recursos-para-el-disfrute-de-la-ciudadania","status":"publish","type":"post","link":"https:\/\/anexioncr.com\/index.php\/2024\/09\/03\/ministro-de-cultura-y-juventud-vamos-a-potenciar-los-recursos-para-el-disfrute-de-la-ciudadania\/","title":{"rendered":"Ministro de Cultura y Juventud; vamos  a potenciar los recursos para el disfrute de la ciudadan\u00eda"},"content":{"rendered":"<p>Con el objetivo generar una nueva estrategia articulada y orientada a posicionar de manera m\u00e1s efectiva la producci\u00f3n y proyecci\u00f3n del Ministerio de Cultura y Juventud, Jorge Rodr\u00edguez Vives, ministro de Cultura y Juventud, anunci\u00f3 al equipo de trabajo que le acompa\u00f1ar\u00e1 durante su administraci\u00f3n.<\/p>\n<p>Bajo la premisa \u201cSomos un solo ministerio\u201d, el jerarca destac\u00f3 que el principal reto que tiene la instituci\u00f3n es consolidar el trabajo y esfuerzos que realizan sus \u00f3rganos adscritos y direcciones, de manera tal que se evidencie como una instituci\u00f3n unificada, s\u00f3lida y con la capacidad de desarrollar sus proyectos de manera estrat\u00e9gica. Precis\u00f3 que \u201cel MCJ es una instituci\u00f3n maravillosa, creativa, lleno de personas talentosas que quiere hacer las cosas bien.<\/p>\n<p>Sin embargo, es necesario multiplicar el impacto y la \u00fanica forma de lograrlo es trabajando juntos como un solo ministerio; en el que cada una de las instituciones del sistema cultural pueden aportar y para producir juntos al servicio de la ciudadan\u00eda para su disfrute\u201d.<\/p>\n","protected":false},"excerpt":{"rendered":"<div class=\"mh-excerpt\"><p>Con el objetivo generar una nueva estrategia articulada y orientada a posicionar de manera m\u00e1s efectiva la producci\u00f3n y proyecci\u00f3n del Ministerio de Cultura y Juventud, Jorge Rodr\u00edguez Vives, ministro de Cultura y Juventud, anunci\u00f3 <a class=\"mh-excerpt-more\" href=\"https:\/\/anexioncr.com\/index.php\/2024\/09\/03\/ministro-de-cultura-y-juventud-vamos-a-potenciar-los-recursos-para-el-disfrute-de-la-ciudadania\/\" title=\"Ministro de Cultura y Juventud; vamos  a potenciar los recursos para el disfrute de la ciudadan\u00eda\">[&#8230;]<\/a><\/p>\n<\/div>","protected":false},"author":1,"featured_media":2826,"comment_status":"open","ping_status":"open","sticky":false,"template":"","format":"standard","meta":{"_monsterinsights_skip_tracking":false,"_monsterinsights_sitenote_active":false,"_monsterinsights_sitenote_note":"","_monsterinsights_sitenote_category":0,"_uf_show_specific_survey":0,"_uf_disable_surveys":false,"footnotes":""},"categories":[33],"tags":[],"class_list":{"0":"post-2825","1":"post","2":"type-post","3":"status-publish","4":"format-standard","5":"has-post-thumbnail","7":"category-nacionales"},"_links":{"self":[{"href":"https:\/\/anexioncr.com\/index.php\/wp-json\/wp\/v2\/posts\/2825","targetHints":{"allow":["GET"]}}],"collection":[{"href":"https:\/\/anexioncr.com\/index.php\/wp-json\/wp\/v2\/posts"}],"about":[{"href":"https:\/\/anexioncr.com\/index.php\/wp-json\/wp\/v2\/types\/post"}],"author":[{"embeddable":true,"href":"https:\/\/anexioncr.com\/index.php\/wp-json\/wp\/v2\/users\/1"}],"replies":[{"embeddable":true,"href":"https:\/\/anexioncr.com\/index.php\/wp-json\/wp\/v2\/comments?post=2825"}],"version-history":[{"count":1,"href":"https:\/\/anexioncr.com\/index.php\/wp-json\/wp\/v2\/posts\/2825\/revisions"}],"predecessor-version":[{"id":2827,"href":"https:\/\/anexioncr.com\/index.php\/wp-json\/wp\/v2\/posts\/2825\/revisions\/2827"}],"wp:featuredmedia":[{"embeddable":true,"href":"https:\/\/anexioncr.com\/index.php\/wp-json\/wp\/v2\/media\/2826"}],"wp:attachment":[{"href":"https:\/\/anexioncr.com\/index.php\/wp-json\/wp\/v2\/media?parent=2825"}],"wp:term":[{"taxonomy":"category","embeddable":true,"href":"https:\/\/anexioncr.com\/index.php\/wp-json\/wp\/v2\/categories?post=2825"},{"taxonomy":"post_tag","embeddable":true,"href":"https:\/\/anexioncr.com\/index.php\/wp-json\/wp\/v2\/tags?post=2825"}],"curies":[{"name":"wp","href":"https:\/\/api.w.org\/{rel}","templated":true}]}}