{"id":2823,"date":"2024-09-03T10:57:56","date_gmt":"2024-09-03T16:57:56","guid":{"rendered":"https:\/\/anexioncr.com\/?p=2823"},"modified":"2024-09-03T10:57:56","modified_gmt":"2024-09-03T16:57:56","slug":"ejemplo-de-un-pais-sin-armas","status":"publish","type":"post","link":"https:\/\/anexioncr.com\/index.php\/2024\/09\/03\/ejemplo-de-un-pais-sin-armas\/","title":{"rendered":"Ejemplo de un pa\u00eds sin armas"},"content":{"rendered":"<p>Los ticos llevamos muy dentro de nuestro ser los sentimientos de paz, libertad y democracia. Es m\u00e1s, la gran mayor\u00eda creemos fielmente que las disfrutaremos durante toda nuestra existencia y que las nuevas generaciones tambi\u00e9n las disfrutar\u00e1n. Sin pensar en la temporalidad de todas las actividades del ser humano, incluyendo lo m\u00e1s preciado por todos. La vida.<\/p>\n<p>Amamos tanto la paz que rechazamos los ej\u00e9rcitos y odiamos la guerra y lo peor pensamos que as\u00ed deben de ser todos los ciudadanos del mundo. Pero la realidad de la historia humana nos dice lo contrario. Ejemplos ha habido, existen y habr\u00e1 de sobra en todo el globo terr\u00e1queo.<\/p>\n<p>En nuestro continente, incluyendo a los costarricenses del pasado, no hemos estado exentos de situaciones b\u00e9licas que han tra\u00eddo sufrimiento y muerte.<\/p>\n<p>Es m\u00e1s en estos tiempos cuando todos los d\u00edas las noticias en nuestro pa\u00eds son de un muerto por aqu\u00ed y otro por all\u00e1, ha venido a encender las alarmas.<\/p>\n<p>Parece que algo no anda bien. Uno se pregunta. Qu\u00e9 estamos haciendo mal para que se haya disparado tanta criminalidad en nuestro pa\u00eds?<\/p>\n<p>Conociendo a la humanidad como un conglomerado de seres humanos buenos y malos, por lo tanto mensajeros del bien y el mal no podemos quedarnos tranquilos, ni con los brazos cruzados pensando que todos tenemos los mismos sentimientos, valores y creencias. Por el contrario, sin ser mal pensados, ni paranoides, ni malvados tenemos que prepararnos para la paz, no con armas porque eso solo prepara para la guerra.<\/p>\n<p>Mientras tanto los pueblos sabios dicen. \u201cHay que pelar el ojo\u201d \u201cSer humano precavido vale por dos\u201d \u201cAl que con leche lo queman hasta la cuajada sopla\u201d \u201cHay que dormir con un ojo abierto\u201d.\u00a0 \u201cNadie valora en su dimensi\u00f3n lo que tiene, hasta que lo pierde\u201d \u201cCuando el r\u00edo suena piedras trae\u201d \u201cM\u00e1s vale un buen amigo y buen vecino que tener plata\u201d. Sin ir tan lejos ech\u00e9mosle un ojito a lo que sucede dentro de nuestro pa\u00eds y en el de los vecinos. Para nadie es un secreto que a lo interno de nuestras fronteras hay zozobra, temores, preocupaciones, c\u00f3lera visible y reprimida, dudas, desconfianza, desilusiones, frustraciones.<\/p>\n<p>Todos sabemos o sospechamos que en nuestro pa\u00eds hay mucho contrabando de d\u00f3lares, drogas y armas o sea la corrupci\u00f3n en general campea ac\u00e1 y acull\u00e1. La perversidad en su m\u00e1xima expresi\u00f3n. La sociopat\u00eda se pavonea por todo el entramado de las relaciones humanas: el hogar, el trabajo, las profesiones, instituciones, religiones y las organizaciones sociopol\u00edticas<br \/>\nen general. Tambi\u00e9n somos conscientes de que frecuentemente se presentan enfrentamientos: empresarios y trabajadores, gobernantes contra los gobernados m\u00e1s cuando se aprueban impuestos y se eliminan goller\u00edas. El di\u00e1logo se ha perdido. \u201cPrevalece el aqu\u00ed mando yo\u201d. \u201cAqu\u00ed mandamos nosotros\u201d. Ya no se respeta aquello de.<\/p>\n<p>Y cuando el gobernante de turno trata de realizar cambios radicales en la constituci\u00f3n se alborota el avispero que, pican de una u otra forma a los ciudadanos, lo cual muchas veces se transforma en un pandemonio, pues con frecuencia el cincuenta por ciento puede estar a favor y otro tanto en contra del gobernante de turno. En ocasiones esa balanza se mueve hacia uno u otro bando. En Nicaragua de nuevo se ha estado impulsando la puesta en funcionamiento de un canal interoce\u00e1nico, lo cual ser\u00eda de un gran valor no solo para el desarrollo de ese pa\u00eds<br \/>\nvecino sino del nuestro y toda la regi\u00f3n.<\/p>\n<p>Ojal\u00e1 eso fuera una realidad, porque ayudar\u00eda mucho en el crecimiento socio econ\u00f3mico de los pa\u00edses de la regi\u00f3n Centroamericana, a otros del continente Americano y m\u00e1s all\u00e1 de nuestros mares. Para completar el desarrollo regional ser\u00eda perentorio construir un \u201ccanal seco\u201d (ferrocarril), que va desde Cuajiniquil en la Cruz Guanacaste a Parismina en Lim\u00f3n, como ya se ha pregonado desde muchos a\u00f1os atr\u00e1s, no pudiendo hacerse realidad por m\u00faltiples intereses como han existido desde hace unos 200 a\u00f1os, de parte del inter\u00e9s nacional o internacional. Siendo las potencias mundiales las que m\u00e1s se oponen por intereses particulares.<\/p>\n<p>Esa obra magna nos permitir\u00eda comunicarnos con Panam\u00e1 en una forma expedita y de all\u00ed con los dem\u00e1s pa\u00edses de todos los continentes. Lo anterior deber\u00eda llevarse a cabo mientras se va preparando la obra m\u00e1s importante de toda la regi\u00f3n, cu\u00e1l es la construcci\u00f3n de un tren moderno que comunique a M\u00e9xico con Panam\u00e1. En la consecuci\u00f3n de estos grandes proyectos es en lo que deber\u00edamos trabajar unido y no, en impulsar un armamentismo desproporcionado de nuestros pa\u00edses que, no nos conducir\u00eda a nada bueno, todo lo contrario ser\u00eda desastroso en lo pol\u00edtico, social,<br \/>\necon\u00f3mico.<\/p>\n<p>En conclusi\u00f3n, me parece que debemos de desarrollarnos juntos: Panam\u00e1, Costa Rica, Nicaragua y todos los pa\u00edses de la regi\u00f3n, sin complejos de superioridad, ni inferioridad, pero no lo vamos a lograr si somos presa del ego\u00edsmo, prepotencia, lavado de d\u00f3lares, del contrabando, narcotr\u00e1fico, armamentismo, la pobreza extrema, ignorancia, corrupci\u00f3n, tanto como del odio, rencor, ego\u00edsmo y de la perversa \u201csed de sangre\u201d.<\/p>\n<p>Es m\u00e1s yo me atrevo a decir que si los pol\u00edticos y quienes manejan las finanzas de los pa\u00edses l\u00edderes del mundo se reunieran con la consigna de mitigar la pobreza en todo el orbe terr\u00e1queo la situaci\u00f3n cambiar\u00eda, incluyendo las patolog\u00edas que est\u00e1n minando a la humanidad como son: las guerras, las migraciones desordenadas, la droga, el sicariato, el contrabando, pobreza extrema, deshumanizaci\u00f3n.<\/p>\n<p>Al final debemos recordar que La Paz de los pueblos nunca ha sido eterna, siempre la debemos cultivar y abonar con mucho sacrificio, fe y compromiso. Para lo cual ser\u00e1 conveniente prepararnos con un buen desarrollo econ\u00f3mico, buenos programas de educaci\u00f3n, salud y fuentes de trabajo, todo esto sobre las bases de la equidad, hermandad y la solidaridad. Si queremos vivir en paz actuemos con firme determinaci\u00f3n en pro del desarrollo socioecon\u00f3mico, cient\u00edfico, cultural y en contra de las armas. Fortaleciendo siempre nuestra espiritualidad. Si no como dice el pueblo. \u201cApague y v\u00e1monos\u201d<\/p>\n","protected":false},"excerpt":{"rendered":"<div class=\"mh-excerpt\"><p>Los ticos llevamos muy dentro de nuestro ser los sentimientos de paz, libertad y democracia. Es m\u00e1s, la gran mayor\u00eda creemos fielmente que las disfrutaremos durante toda nuestra existencia y que las nuevas generaciones tambi\u00e9n <a class=\"mh-excerpt-more\" href=\"https:\/\/anexioncr.com\/index.php\/2024\/09\/03\/ejemplo-de-un-pais-sin-armas\/\" title=\"Ejemplo de un pa\u00eds sin armas\">[&#8230;]<\/a><\/p>\n<\/div>","protected":false},"author":1,"featured_media":2290,"comment_status":"open","ping_status":"open","sticky":false,"template":"","format":"standard","meta":{"_monsterinsights_skip_tracking":false,"_monsterinsights_sitenote_active":false,"_monsterinsights_sitenote_note":"","_monsterinsights_sitenote_category":0,"_uf_show_specific_survey":0,"_uf_disable_surveys":false,"footnotes":""},"categories":[33],"tags":[],"class_list":{"0":"post-2823","1":"post","2":"type-post","3":"status-publish","4":"format-standard","5":"has-post-thumbnail","7":"category-nacionales"},"_links":{"self":[{"href":"https:\/\/anexioncr.com\/index.php\/wp-json\/wp\/v2\/posts\/2823","targetHints":{"allow":["GET"]}}],"collection":[{"href":"https:\/\/anexioncr.com\/index.php\/wp-json\/wp\/v2\/posts"}],"about":[{"href":"https:\/\/anexioncr.com\/index.php\/wp-json\/wp\/v2\/types\/post"}],"author":[{"embeddable":true,"href":"https:\/\/anexioncr.com\/index.php\/wp-json\/wp\/v2\/users\/1"}],"replies":[{"embeddable":true,"href":"https:\/\/anexioncr.com\/index.php\/wp-json\/wp\/v2\/comments?post=2823"}],"version-history":[{"count":1,"href":"https:\/\/anexioncr.com\/index.php\/wp-json\/wp\/v2\/posts\/2823\/revisions"}],"predecessor-version":[{"id":2824,"href":"https:\/\/anexioncr.com\/index.php\/wp-json\/wp\/v2\/posts\/2823\/revisions\/2824"}],"wp:featuredmedia":[{"embeddable":true,"href":"https:\/\/anexioncr.com\/index.php\/wp-json\/wp\/v2\/media\/2290"}],"wp:attachment":[{"href":"https:\/\/anexioncr.com\/index.php\/wp-json\/wp\/v2\/media?parent=2823"}],"wp:term":[{"taxonomy":"category","embeddable":true,"href":"https:\/\/anexioncr.com\/index.php\/wp-json\/wp\/v2\/categories?post=2823"},{"taxonomy":"post_tag","embeddable":true,"href":"https:\/\/anexioncr.com\/index.php\/wp-json\/wp\/v2\/tags?post=2823"}],"curies":[{"name":"wp","href":"https:\/\/api.w.org\/{rel}","templated":true}]}}