{"id":2820,"date":"2024-09-03T10:45:58","date_gmt":"2024-09-03T16:45:58","guid":{"rendered":"https:\/\/anexioncr.com\/?p=2820"},"modified":"2024-09-03T10:46:46","modified_gmt":"2024-09-03T16:46:46","slug":"lencho-salazar-el-folclorista-que-le-canto-a-la-ruralidad-dejo-este-mundo","status":"publish","type":"post","link":"https:\/\/anexioncr.com\/index.php\/2024\/09\/03\/lencho-salazar-el-folclorista-que-le-canto-a-la-ruralidad-dejo-este-mundo\/","title":{"rendered":"Lencho Salazar, el folclorista que le cant\u00f3 a la ruralidad, dej\u00f3 este mundo"},"content":{"rendered":"<p>Desde el Ministerio de Cultura y Juventud nos unimos al luto por el fallecimiento del m\u00fasico, folclorista y humorista nacional, Lorenzo \u201cLencho\u201d Salazar Morales. Salazar naci\u00f3 el 4 de diciembre de 1931 en San Roque de Naranjo e inici\u00f3 su carrera art\u00edstica a la corta edad de 5 a\u00f1os, impulsado por su madre.<\/p>\n<p>Junto a su guitarra emprendi\u00f3 un camino en el cual se dedic\u00f3 a destacar la m\u00fasica popular costarricense y en 1953, junto a sus compa\u00f1eros Paulino y Miguel Porras Hidalgo, conform\u00f3 el Tr\u00edo Costa Rica. Su principal influencia art\u00edstica radic\u00f3 en destacar la tradici\u00f3n oral de los cuentos, an\u00e9cdotas e historias de los abuelos o gente mayor, fue as\u00ed como, en 1959, compuso su primera canci\u00f3n, titulada \u201cLa Segua\u201d.<\/p>\n<p>Salazar se titul\u00f3 como profesor de m\u00fasica y desarroll\u00f3 su labor como docente en el Conservatorio de Castella, sin dejar de lado su pasi\u00f3n por la m\u00fasica y el folclor costarricense, lo que le llev\u00f3 a realizar ocho grabaciones musicales. En 1995 se le reconoci\u00f3 como Premio Nacional de Cultura Popular Tradicional; galard\u00f3n que otorga el Ministerio de Cultura y Juventud.<\/p>\n<p>En 1996 fue reconocido como miembro de la Galer\u00eda de Cultura Popular Costarricense, mientras que en 2001 fue galardonado con el Premio Ricardo \u201cRECA\u201d Mora de la Asociaci\u00f3n de Compositores y Autores Musicales de Costa Rica. En el a\u00f1o 2003 recibi\u00f3 un reconocimiento por su trayectoria art\u00edstica en la Cadena Mayor de aquel a\u00f1o.<\/p>\n","protected":false},"excerpt":{"rendered":"<div class=\"mh-excerpt\"><p>Desde el Ministerio de Cultura y Juventud nos unimos al luto por el fallecimiento del m\u00fasico, folclorista y humorista nacional, Lorenzo \u201cLencho\u201d Salazar Morales. Salazar naci\u00f3 el 4 de diciembre de 1931 en San Roque <a class=\"mh-excerpt-more\" href=\"https:\/\/anexioncr.com\/index.php\/2024\/09\/03\/lencho-salazar-el-folclorista-que-le-canto-a-la-ruralidad-dejo-este-mundo\/\" title=\"Lencho Salazar, el folclorista que le cant\u00f3 a la ruralidad, dej\u00f3 este mundo\">[&#8230;]<\/a><\/p>\n<\/div>","protected":false},"author":1,"featured_media":2821,"comment_status":"open","ping_status":"open","sticky":false,"template":"","format":"standard","meta":{"_monsterinsights_skip_tracking":false,"_monsterinsights_sitenote_active":false,"_monsterinsights_sitenote_note":"","_monsterinsights_sitenote_category":0,"_uf_show_specific_survey":0,"_uf_disable_surveys":false,"footnotes":""},"categories":[36,33],"tags":[],"class_list":{"0":"post-2820","1":"post","2":"type-post","3":"status-publish","4":"format-standard","5":"has-post-thumbnail","7":"category-destacados","8":"category-nacionales"},"_links":{"self":[{"href":"https:\/\/anexioncr.com\/index.php\/wp-json\/wp\/v2\/posts\/2820","targetHints":{"allow":["GET"]}}],"collection":[{"href":"https:\/\/anexioncr.com\/index.php\/wp-json\/wp\/v2\/posts"}],"about":[{"href":"https:\/\/anexioncr.com\/index.php\/wp-json\/wp\/v2\/types\/post"}],"author":[{"embeddable":true,"href":"https:\/\/anexioncr.com\/index.php\/wp-json\/wp\/v2\/users\/1"}],"replies":[{"embeddable":true,"href":"https:\/\/anexioncr.com\/index.php\/wp-json\/wp\/v2\/comments?post=2820"}],"version-history":[{"count":1,"href":"https:\/\/anexioncr.com\/index.php\/wp-json\/wp\/v2\/posts\/2820\/revisions"}],"predecessor-version":[{"id":2822,"href":"https:\/\/anexioncr.com\/index.php\/wp-json\/wp\/v2\/posts\/2820\/revisions\/2822"}],"wp:featuredmedia":[{"embeddable":true,"href":"https:\/\/anexioncr.com\/index.php\/wp-json\/wp\/v2\/media\/2821"}],"wp:attachment":[{"href":"https:\/\/anexioncr.com\/index.php\/wp-json\/wp\/v2\/media?parent=2820"}],"wp:term":[{"taxonomy":"category","embeddable":true,"href":"https:\/\/anexioncr.com\/index.php\/wp-json\/wp\/v2\/categories?post=2820"},{"taxonomy":"post_tag","embeddable":true,"href":"https:\/\/anexioncr.com\/index.php\/wp-json\/wp\/v2\/tags?post=2820"}],"curies":[{"name":"wp","href":"https:\/\/api.w.org\/{rel}","templated":true}]}}