{"id":2817,"date":"2024-09-03T10:40:59","date_gmt":"2024-09-03T16:40:59","guid":{"rendered":"https:\/\/anexioncr.com\/?p=2817"},"modified":"2024-09-03T10:40:59","modified_gmt":"2024-09-03T16:40:59","slug":"el-profesor-jose-joaquin-munoz-bustos-dejo-este-mundo-con-una-historia-fecunda","status":"publish","type":"post","link":"https:\/\/anexioncr.com\/index.php\/2024\/09\/03\/el-profesor-jose-joaquin-munoz-bustos-dejo-este-mundo-con-una-historia-fecunda\/","title":{"rendered":"El profesor Jos\u00e9 Joaqu\u00edn Mu\u00f1oz Bustos dej\u00f3 este mundo con una historia fecunda"},"content":{"rendered":"<p>\u201cFeliz d\u00eda a todas las mam\u00e1s!!! Hoy mi tata se junt\u00f3 con mi mam\u00e1. La calcul\u00f3 bien. Y es que en Liberia y en muchos otros lados, no podemos entender a uno sin el otro. Siempre juntos, ella al volante, segura y en control. Y no me refiero s\u00f3lo al carro. La recuerdo as\u00ed desde la microbus VW blanca. Mi tata se fue a buscarla hoy porque ya no quer\u00eda estar solo. Las cosas que les importaban a ellos, que nos ense\u00f1aron a que nos importaran tambi\u00e9n a nosotros los hijos, ten\u00edan sentido s\u00f3lo compartidas: que la educaci\u00f3n, que los beneficios del trabajo infantil (&#8220;el trabajo del ni\u00f1o es poco, pero quien lo desperdicia es un loco&#8221;). Que el ganado de doble prop\u00f3sito para el tr\u00f3pico, que la ca\u00f1a de az\u00facar y la lecher\u00eda en Guanacaste y para los guanacastecos, que la lectura y la expresi\u00f3n oral, que ser educado y respetuoso, que no creerle el cuento a los curas, que ser cari\u00f1oso con los familiares y parientes, que la importancia de las tradiciones guanacastecas.<\/p>\n<p>Que la importancia de ser biling\u00fce, que la importancia de la educaci\u00f3n t\u00e9cnica, que la importancia de viajar y aprender de otras culturas y traer las ense\u00f1anzas a Costa Rica, que no hay que dejarse de los liberacionistas, que hay que revelarse ante lo incorrecto y lo injusto. Siempre comprometidos con la pol\u00edtica, tuvieron amigos entra\u00f1ables verdes, Beto Ca\u00f1as y Macho Carazo, por ejemplo. Tampoco tuvieron miedo a diferir, creyeron que el Doctor no deb\u00eda ser el candidato en el 66 ni Miguel \u00c1ngel en el 90 y ten\u00edan raz\u00f3n. Ganamos en el 66 y en el 90. Tambi\u00e9n se opusieron al apoyo que el Gobierno de Carazo les dio a los Sandinistas. Y tambi\u00e9n ten\u00edan raz\u00f3n, el tiempo se las dio. Esas no eran cosas de f\u00e1cil discernimiento. Y para un g\u00fcila como yo eran misteriosas y fascinantes.<\/p>\n<p>Mi pap\u00e1 me dijo claramente en el 78 que habr\u00eda una dictadura comunista en Nicaragua. Tambi\u00e9n me cont\u00f3 que los gringos sab\u00edan sobre el ataque a Pearl Harbor antes de que sucediera y por<br \/>\nqu\u00e9 no hicieron nada. Y nos educaron con una gran libertad que nos permit\u00eda llegar casi al libertinaje. Y ah\u00ed, en esa grand\u00edsima libertad, es que salimos tan diferentes sus cinco hijos. Y adem\u00e1s entendieron y respetaron que todos \u00e9ramos distintos.<\/p>\n<p>Para tratar de continuar su intenso legado decidimos, sin plante\u00e1rnoslo expresamente, dividirnos las tareas: Unos m\u00e1s intelectuales, otros m\u00e1s educadores, otros m\u00e1s ganaderos, otros m\u00e1s agricultores, otros m\u00e1s caballistas, otros m\u00e1s politiqueros y otros, ciertamente, m\u00e1s fiesteros. Lo de la parte de noviero de la juventud de mi pap\u00e1, eso se la llev\u00f3 Quinchito a quien tambi\u00e9n estamos<br \/>\nrecordando con mucho cari\u00f1o en estos d\u00edas en los que hubiera celebrado su cumplea\u00f1os.<\/p>\n<p>Eso s\u00ed, todos amantes y defensores de Liberia, todos bailarines, todos de a caballo, todos interesados en lo que pasa en el mundo&#8230; Todos honrados, todos buenos hijos, todos buenos padres, y hoy, ya sin ellos, todos hermanables\u201d.<\/p>\n","protected":false},"excerpt":{"rendered":"<div class=\"mh-excerpt\"><p>\u201cFeliz d\u00eda a todas las mam\u00e1s!!! Hoy mi tata se junt\u00f3 con mi mam\u00e1. La calcul\u00f3 bien. Y es que en Liberia y en muchos otros lados, no podemos entender a uno sin el otro. <a class=\"mh-excerpt-more\" href=\"https:\/\/anexioncr.com\/index.php\/2024\/09\/03\/el-profesor-jose-joaquin-munoz-bustos-dejo-este-mundo-con-una-historia-fecunda\/\" title=\"El profesor Jos\u00e9 Joaqu\u00edn Mu\u00f1oz Bustos dej\u00f3 este mundo con una historia fecunda\">[&#8230;]<\/a><\/p>\n<\/div>","protected":false},"author":1,"featured_media":2818,"comment_status":"open","ping_status":"open","sticky":false,"template":"","format":"standard","meta":{"_monsterinsights_skip_tracking":false,"_monsterinsights_sitenote_active":false,"_monsterinsights_sitenote_note":"","_monsterinsights_sitenote_category":0,"_uf_show_specific_survey":0,"_uf_disable_surveys":false,"footnotes":""},"categories":[35],"tags":[],"class_list":{"0":"post-2817","1":"post","2":"type-post","3":"status-publish","4":"format-standard","5":"has-post-thumbnail","7":"category-cantones"},"_links":{"self":[{"href":"https:\/\/anexioncr.com\/index.php\/wp-json\/wp\/v2\/posts\/2817","targetHints":{"allow":["GET"]}}],"collection":[{"href":"https:\/\/anexioncr.com\/index.php\/wp-json\/wp\/v2\/posts"}],"about":[{"href":"https:\/\/anexioncr.com\/index.php\/wp-json\/wp\/v2\/types\/post"}],"author":[{"embeddable":true,"href":"https:\/\/anexioncr.com\/index.php\/wp-json\/wp\/v2\/users\/1"}],"replies":[{"embeddable":true,"href":"https:\/\/anexioncr.com\/index.php\/wp-json\/wp\/v2\/comments?post=2817"}],"version-history":[{"count":1,"href":"https:\/\/anexioncr.com\/index.php\/wp-json\/wp\/v2\/posts\/2817\/revisions"}],"predecessor-version":[{"id":2819,"href":"https:\/\/anexioncr.com\/index.php\/wp-json\/wp\/v2\/posts\/2817\/revisions\/2819"}],"wp:featuredmedia":[{"embeddable":true,"href":"https:\/\/anexioncr.com\/index.php\/wp-json\/wp\/v2\/media\/2818"}],"wp:attachment":[{"href":"https:\/\/anexioncr.com\/index.php\/wp-json\/wp\/v2\/media?parent=2817"}],"wp:term":[{"taxonomy":"category","embeddable":true,"href":"https:\/\/anexioncr.com\/index.php\/wp-json\/wp\/v2\/categories?post=2817"},{"taxonomy":"post_tag","embeddable":true,"href":"https:\/\/anexioncr.com\/index.php\/wp-json\/wp\/v2\/tags?post=2817"}],"curies":[{"name":"wp","href":"https:\/\/api.w.org\/{rel}","templated":true}]}}