{"id":2814,"date":"2024-09-03T10:32:58","date_gmt":"2024-09-03T16:32:58","guid":{"rendered":"https:\/\/anexioncr.com\/?p=2814"},"modified":"2024-09-03T10:32:58","modified_gmt":"2024-09-03T16:32:58","slug":"diocesis-de-tilaran-empezo-hace-63-anos-su-mision-pastoral","status":"publish","type":"post","link":"https:\/\/anexioncr.com\/index.php\/2024\/09\/03\/diocesis-de-tilaran-empezo-hace-63-anos-su-mision-pastoral\/","title":{"rendered":"Di\u00f3cesis de Tilar\u00e1n empez\u00f3 hace 63 a\u00f1os su misi\u00f3n pastoral"},"content":{"rendered":"<p>As\u00ed lo record\u00f3 el actual obispo, Manuel Eugenio Salazar Mora, que aunque es oriundo del Valle Central, est\u00e1 m\u00e1s que feliz de vivir en Guanacaste y conducir la grey de sacerdotes y cat\u00f3licos de Guanacaste y Upala.<\/p>\n<p>\u201cNuestra amada Di\u00f3cesis de Tilar\u00e1n, se viste de gala, porque se cumple 63 a\u00f1os de creaci\u00f3n, gracias a la Constituci\u00f3n Apost\u00f3lica \u201cQui Aeque\u201d del Papa Bueno, Juan XXIII. Agradezco a mis predecesores +Monse\u00f1or Rom\u00e1n Arrieta Villalobos (qdDg), +Monse\u00f1or H\u00e9ctor Morera Vega (qdDg) y mi amado hermano +Monse\u00f1or Vittorino Girardi Stellin, por guiar y pastorear el reba\u00f1o que se le hab\u00eda encomendado. De igual manera agradezco a todos los cl\u00e9rigos que se desgastaron sin recibir nada a cambio por la salvaci\u00f3n de las almas en estas tierras. Y de manera especial agradezco a todos los laicos que por medio de su oraci\u00f3n han sostenido a la Di\u00f3cesis. \u00a1San Antonio de Padua, intercede por nosotros\u201d, expres\u00f3 monse\u00f1or Salazar.<\/p>\n","protected":false},"excerpt":{"rendered":"<div class=\"mh-excerpt\"><p>As\u00ed lo record\u00f3 el actual obispo, Manuel Eugenio Salazar Mora, que aunque es oriundo del Valle Central, est\u00e1 m\u00e1s que feliz de vivir en Guanacaste y conducir la grey de sacerdotes y cat\u00f3licos de Guanacaste <a class=\"mh-excerpt-more\" href=\"https:\/\/anexioncr.com\/index.php\/2024\/09\/03\/diocesis-de-tilaran-empezo-hace-63-anos-su-mision-pastoral\/\" title=\"Di\u00f3cesis de Tilar\u00e1n empez\u00f3 hace 63 a\u00f1os su misi\u00f3n pastoral\">[&#8230;]<\/a><\/p>\n<\/div>","protected":false},"author":1,"featured_media":2815,"comment_status":"open","ping_status":"open","sticky":false,"template":"","format":"standard","meta":{"_monsterinsights_skip_tracking":false,"_monsterinsights_sitenote_active":false,"_monsterinsights_sitenote_note":"","_monsterinsights_sitenote_category":0,"_uf_show_specific_survey":0,"_uf_disable_surveys":false,"footnotes":""},"categories":[35],"tags":[],"class_list":{"0":"post-2814","1":"post","2":"type-post","3":"status-publish","4":"format-standard","5":"has-post-thumbnail","7":"category-cantones"},"_links":{"self":[{"href":"https:\/\/anexioncr.com\/index.php\/wp-json\/wp\/v2\/posts\/2814","targetHints":{"allow":["GET"]}}],"collection":[{"href":"https:\/\/anexioncr.com\/index.php\/wp-json\/wp\/v2\/posts"}],"about":[{"href":"https:\/\/anexioncr.com\/index.php\/wp-json\/wp\/v2\/types\/post"}],"author":[{"embeddable":true,"href":"https:\/\/anexioncr.com\/index.php\/wp-json\/wp\/v2\/users\/1"}],"replies":[{"embeddable":true,"href":"https:\/\/anexioncr.com\/index.php\/wp-json\/wp\/v2\/comments?post=2814"}],"version-history":[{"count":1,"href":"https:\/\/anexioncr.com\/index.php\/wp-json\/wp\/v2\/posts\/2814\/revisions"}],"predecessor-version":[{"id":2816,"href":"https:\/\/anexioncr.com\/index.php\/wp-json\/wp\/v2\/posts\/2814\/revisions\/2816"}],"wp:featuredmedia":[{"embeddable":true,"href":"https:\/\/anexioncr.com\/index.php\/wp-json\/wp\/v2\/media\/2815"}],"wp:attachment":[{"href":"https:\/\/anexioncr.com\/index.php\/wp-json\/wp\/v2\/media?parent=2814"}],"wp:term":[{"taxonomy":"category","embeddable":true,"href":"https:\/\/anexioncr.com\/index.php\/wp-json\/wp\/v2\/categories?post=2814"},{"taxonomy":"post_tag","embeddable":true,"href":"https:\/\/anexioncr.com\/index.php\/wp-json\/wp\/v2\/tags?post=2814"}],"curies":[{"name":"wp","href":"https:\/\/api.w.org\/{rel}","templated":true}]}}