{"id":2785,"date":"2024-08-30T15:42:31","date_gmt":"2024-08-30T21:42:31","guid":{"rendered":"https:\/\/anexioncr.com\/?p=2785"},"modified":"2024-08-30T15:42:31","modified_gmt":"2024-08-30T21:42:31","slug":"ambientalistas-denuncian-en-zonas-de-humedal-de-playa-samara","status":"publish","type":"post","link":"https:\/\/anexioncr.com\/index.php\/2024\/08\/30\/ambientalistas-denuncian-en-zonas-de-humedal-de-playa-samara\/","title":{"rendered":"Ambientalistas denuncian en zonas de humedal de playa S\u00e1mara"},"content":{"rendered":"<p>Por Armando Quesada. Amelia Rueda.com y programa Nuestra Voz<\/p>\n<p>Vecinos de S\u00e1mara, playa ubicada en el cant\u00f3n de Nicoya y grupos ambientalistas denunciaron que un megaproyecto inmobiliario denominado Vistas de S\u00e1mara, obtuvo la aprobaci\u00f3n de viabilidad ambiental por parte de la Secretar\u00eda T\u00e9cnica Nacional (Setena) en tan solo 12 d\u00edas tras ser presentado, a pesar de afectar zonas de humedal.<\/p>\n<p>El proyecto, que involucra las construcci\u00f3n de 37 torres y cientos de casas, entr\u00f3 en Setena el pasado 12 de febrero y para el 28 ya hab\u00eda recibido luz verde. &#8220;Es algo que lo deja a uno con un sinsabor. &#8220;\u00bfC\u00f3mo es que pasa por Setena tan f\u00e1cilmente? Consideraron que no hac\u00eda falta inspecci\u00f3n, lo que nos deja en un escenario bastante complejo&#8221;, se\u00f1al\u00f3 en el programa Nuestra Voz, el abogado ambientalista \u00c1lvaro Sagot.<\/p>\n<p>Los vecinos de S\u00e1mara est\u00e1n preocupados por la &#8220;destrucci\u00f3n paulatina&#8221; del manglar Lagarto. Por ello, pusieron una denuncia ante el Sinac, pero no recibieron respuesta, por lo que acudieron a la Sala Constitucional.<\/p>\n<p>El pasado junio, la Sala Constitucional le dio al Sistema Nacional de \u00c1reas de Conservaci\u00f3n (Sinac) un plazo de hasta 12 meses para intervenir ante los trabajos realizados en los humedales de S\u00e1mara. Los magistrados declararon con lugar el recurso de amparo interpuesto ante el Ministerio de Ambiente y Energ\u00eda (Minae) y la Municipalidad de Nicoya (esta \u00faltima absuelta del fallo).<\/p>\n<p>El recurrente argument\u00f3 que las obras &#8220;est\u00e1n generando la eliminaci\u00f3n de dichos ecosistemas marinos en \u00e1reas ecol\u00f3gicamente sensibles y Patrimonio Natural del Estado&#8221;.<\/p>\n","protected":false},"excerpt":{"rendered":"<div class=\"mh-excerpt\"><p>Por Armando Quesada. Amelia Rueda.com y programa Nuestra Voz Vecinos de S\u00e1mara, playa ubicada en el cant\u00f3n de Nicoya y grupos ambientalistas denunciaron que un megaproyecto inmobiliario denominado Vistas de S\u00e1mara, obtuvo la aprobaci\u00f3n de <a class=\"mh-excerpt-more\" href=\"https:\/\/anexioncr.com\/index.php\/2024\/08\/30\/ambientalistas-denuncian-en-zonas-de-humedal-de-playa-samara\/\" title=\"Ambientalistas denuncian en zonas de humedal de playa S\u00e1mara\">[&#8230;]<\/a><\/p>\n<\/div>","protected":false},"author":1,"featured_media":2786,"comment_status":"open","ping_status":"open","sticky":false,"template":"","format":"standard","meta":{"_monsterinsights_skip_tracking":false,"_monsterinsights_sitenote_active":false,"_monsterinsights_sitenote_note":"","_monsterinsights_sitenote_category":0,"_uf_show_specific_survey":0,"_uf_disable_surveys":false,"footnotes":""},"categories":[35],"tags":[],"class_list":{"0":"post-2785","1":"post","2":"type-post","3":"status-publish","4":"format-standard","5":"has-post-thumbnail","7":"category-cantones"},"_links":{"self":[{"href":"https:\/\/anexioncr.com\/index.php\/wp-json\/wp\/v2\/posts\/2785","targetHints":{"allow":["GET"]}}],"collection":[{"href":"https:\/\/anexioncr.com\/index.php\/wp-json\/wp\/v2\/posts"}],"about":[{"href":"https:\/\/anexioncr.com\/index.php\/wp-json\/wp\/v2\/types\/post"}],"author":[{"embeddable":true,"href":"https:\/\/anexioncr.com\/index.php\/wp-json\/wp\/v2\/users\/1"}],"replies":[{"embeddable":true,"href":"https:\/\/anexioncr.com\/index.php\/wp-json\/wp\/v2\/comments?post=2785"}],"version-history":[{"count":1,"href":"https:\/\/anexioncr.com\/index.php\/wp-json\/wp\/v2\/posts\/2785\/revisions"}],"predecessor-version":[{"id":2787,"href":"https:\/\/anexioncr.com\/index.php\/wp-json\/wp\/v2\/posts\/2785\/revisions\/2787"}],"wp:featuredmedia":[{"embeddable":true,"href":"https:\/\/anexioncr.com\/index.php\/wp-json\/wp\/v2\/media\/2786"}],"wp:attachment":[{"href":"https:\/\/anexioncr.com\/index.php\/wp-json\/wp\/v2\/media?parent=2785"}],"wp:term":[{"taxonomy":"category","embeddable":true,"href":"https:\/\/anexioncr.com\/index.php\/wp-json\/wp\/v2\/categories?post=2785"},{"taxonomy":"post_tag","embeddable":true,"href":"https:\/\/anexioncr.com\/index.php\/wp-json\/wp\/v2\/tags?post=2785"}],"curies":[{"name":"wp","href":"https:\/\/api.w.org\/{rel}","templated":true}]}}