{"id":2768,"date":"2024-08-30T15:06:13","date_gmt":"2024-08-30T21:06:13","guid":{"rendered":"https:\/\/anexioncr.com\/?p=2768"},"modified":"2024-08-30T15:06:13","modified_gmt":"2024-08-30T21:06:13","slug":"cantones-peninsulares-escogidos-para-proteccion-de-insectos-polinizadores","status":"publish","type":"post","link":"https:\/\/anexioncr.com\/index.php\/2024\/08\/30\/cantones-peninsulares-escogidos-para-proteccion-de-insectos-polinizadores\/","title":{"rendered":"Cantones peninsulares escogidos para protecci\u00f3n de insectos polinizadores"},"content":{"rendered":"<p>&#8220;Sin polinizadores, no hay comida: \u00a1\u00fanete a la lucha por su protecci\u00f3n!&#8221; Con el fin de promover la conservaci\u00f3n de los insectos polinizadores y sus servicios ecosist\u00e9micos, el Ministerio de Ambiente y Energ\u00eda (MINAE), el Ministerio de Agricultura y Ganader\u00eda (MAG) y la Cooperaci\u00f3n Alemana para el Desarrollo -GIZ \u2013 lanzaron el proyecto \u201cAcci\u00f3n regional para mejorar la protecci\u00f3n de los insectos polinizadores y los servicios de polinizaci\u00f3n en Am\u00e9rica Latina y el Caribe (Poli-LAC)\u201d.<\/p>\n<p>Franz Tattenbach, ministro de Ambiente y Energ\u00eda destac\u00f3 que la polinizaci\u00f3n es el servicio de regulaci\u00f3n m\u00e1s valioso, el apoyo a la vida de las especies y las buenas pr\u00e1cticas para su protecci\u00f3n, tanto a nivel local como regional, es de suma importancia para recuperar y mantener los ecosistemas.<\/p>\n<h4>\nDiversidad de los ecosistemas<\/h4>\n<p>Con el paisaje de la regi\u00f3n peninsular, se pretende identificar instrumentos y mecanismos financieros para la protecci\u00f3n e impulso de buenas pr\u00e1cticas y por \u00faltimo identificar, implementar y monitorear buenas pr\u00e1cticas de conservaci\u00f3n y producci\u00f3n sostenible.<\/p>\n<p>La polinizaci\u00f3n es fundamentalpara la reproducci\u00f3n de plantas, la producci\u00f3n de alimentos y la conservaci6n de la biodiversidad terrestre. A pesar de su importancia, los insectos polinizadores contin\u00faan en riesgo. \u201cDe la protecci\u00f3n de polinizadores depende tanto la productividad del campo como la diversidad dentro de los ecosistemas.<\/p>\n<p>El proyecto Poli-LAC abre la oportunidad que la agricultura y el sector ambiental en conjunto buscan e implementan soluciones. Costa Rica puede jugar tambi\u00e9n en este tema un papel de vanguardia.\u201d, coment\u00f3 Gettkant, Andreas, director regional del proyecto Poli-LAC en la GIZ.<\/p>\n","protected":false},"excerpt":{"rendered":"<div class=\"mh-excerpt\"><p>&#8220;Sin polinizadores, no hay comida: \u00a1\u00fanete a la lucha por su protecci\u00f3n!&#8221; Con el fin de promover la conservaci\u00f3n de los insectos polinizadores y sus servicios ecosist\u00e9micos, el Ministerio de Ambiente y Energ\u00eda (MINAE), el <a class=\"mh-excerpt-more\" href=\"https:\/\/anexioncr.com\/index.php\/2024\/08\/30\/cantones-peninsulares-escogidos-para-proteccion-de-insectos-polinizadores\/\" title=\"Cantones peninsulares escogidos para protecci\u00f3n de insectos polinizadores\">[&#8230;]<\/a><\/p>\n<\/div>","protected":false},"author":1,"featured_media":995,"comment_status":"open","ping_status":"open","sticky":false,"template":"","format":"standard","meta":{"_monsterinsights_skip_tracking":false,"_monsterinsights_sitenote_active":false,"_monsterinsights_sitenote_note":"","_monsterinsights_sitenote_category":0,"_uf_show_specific_survey":0,"_uf_disable_surveys":false,"footnotes":""},"categories":[35],"tags":[],"class_list":{"0":"post-2768","1":"post","2":"type-post","3":"status-publish","4":"format-standard","5":"has-post-thumbnail","7":"category-cantones"},"_links":{"self":[{"href":"https:\/\/anexioncr.com\/index.php\/wp-json\/wp\/v2\/posts\/2768","targetHints":{"allow":["GET"]}}],"collection":[{"href":"https:\/\/anexioncr.com\/index.php\/wp-json\/wp\/v2\/posts"}],"about":[{"href":"https:\/\/anexioncr.com\/index.php\/wp-json\/wp\/v2\/types\/post"}],"author":[{"embeddable":true,"href":"https:\/\/anexioncr.com\/index.php\/wp-json\/wp\/v2\/users\/1"}],"replies":[{"embeddable":true,"href":"https:\/\/anexioncr.com\/index.php\/wp-json\/wp\/v2\/comments?post=2768"}],"version-history":[{"count":1,"href":"https:\/\/anexioncr.com\/index.php\/wp-json\/wp\/v2\/posts\/2768\/revisions"}],"predecessor-version":[{"id":2769,"href":"https:\/\/anexioncr.com\/index.php\/wp-json\/wp\/v2\/posts\/2768\/revisions\/2769"}],"wp:featuredmedia":[{"embeddable":true,"href":"https:\/\/anexioncr.com\/index.php\/wp-json\/wp\/v2\/media\/995"}],"wp:attachment":[{"href":"https:\/\/anexioncr.com\/index.php\/wp-json\/wp\/v2\/media?parent=2768"}],"wp:term":[{"taxonomy":"category","embeddable":true,"href":"https:\/\/anexioncr.com\/index.php\/wp-json\/wp\/v2\/categories?post=2768"},{"taxonomy":"post_tag","embeddable":true,"href":"https:\/\/anexioncr.com\/index.php\/wp-json\/wp\/v2\/tags?post=2768"}],"curies":[{"name":"wp","href":"https:\/\/api.w.org\/{rel}","templated":true}]}}