{"id":2707,"date":"2024-07-22T16:16:02","date_gmt":"2024-07-22T22:16:02","guid":{"rendered":"https:\/\/anexioncr.com\/?p=2707"},"modified":"2024-07-22T16:16:02","modified_gmt":"2024-07-22T22:16:02","slug":"en-el-bicentenario-de-la-anexion-del-partido-de-nicoya","status":"publish","type":"post","link":"https:\/\/anexioncr.com\/index.php\/2024\/07\/22\/en-el-bicentenario-de-la-anexion-del-partido-de-nicoya\/","title":{"rendered":"En el Bicentenario de la Anexi\u00f3n del Partido de Nicoya"},"content":{"rendered":"<p>Las verdaderas dimensiones de la Anexi\u00f3n, en parte del territorio de lo que ser\u00eda el Departamento de Guanacaste desde 1835, se perfilan hasta despu\u00e9s de la celebraci\u00f3n del Centenario de ese hecho hist\u00f3rico en 1924.<\/p>\n<p>El significativo aporte de un grupo de insignes escritores, va a permitir visualizar la identidad regional de esta parte del territorio costarricense, por medio de sus creaciones literarias, que enarbolan la bandera del regionalismo e identidad del guanacasteco. Surgen con fuerza los personajes propios de las grandes haciendas, herencia colonial, con el sabanero, la cocinera, el piang\u00fcero, el salinero, la costa, el Golfo de Nicoya, los rugientes volcanes de la hermosa Cordillera de Guanacaste, la pampa, el coyote, los congos bramadores, la coyolera, la milpa y el ca\u00f1al.<\/p>\n<p>Mar\u00eda Leal de Noguera, con sus Cuentos Viejos y el t\u00edo conejo, supo imprimir ese sello propio de las tradiciones orales, presentes en los coloquios de los arrieros y boyeros, al calor de las fogatas. Viajes interminables en carreta le dieron sabor a nuestra amada tierra.<\/p>\n<p>En los distintos rincones voces lanzan la identidad al viento! H\u00e9ctor Z\u00fa\u00f1iga con su guitarra y su Amor de temporada, Medardo Guido con su viol\u00edn en Bagaces imprime su aporte en el Esp\u00edritu Guqnacasteco, Miguel \u00c1ngel Vidaurre canta con sus poes\u00edas a las Hadas precolombinas, amor\u00edos de zarza y g\u00fcizcoyol.<\/p>\n<p>Hern\u00e1n Elizondo deshoja el dolor del pampero pobre y desamparado en su novela Memorias de un pobre diablo, reflejando la problem\u00e1tica social de<br \/>\nlos peones y sabaneros. Canta Jes\u00fas Bonilla su Luna Liberiana\u2026 L\u00eda su hermana, recoge las danzas ancestrales de los bailes regionales con la majestuosidad de los verdaderos trajes t\u00edpicos. Sacramento Villegas con su amado viol\u00edn deshoja su Murci\u00e9lago y su mar.<\/p>\n<p>En Ca\u00f1as teje sus poemas Gerardo G\u00f3mez en largas tardes literarias con Luis Mar\u00edn. Mientras en Abangares escribe sus vivencias Ofelia Gamboa, enalteciendo al minero, que irrumpe desde fines del siglo XIX, en los socavones de las minas. Y cantan todos en el mismo idioma, preciosas e inolvidables odas al Guanacaste que aman\u2026<\/p>\n<p>Por fin se re\u00fanen todos en Abangares y forman el primer grupo literario de la provincia: Asociaci\u00f3n Guanacasteca de Autores, AGA, a inicios de los sesentas. Tuvieron el m\u00e9rito de darle un lugar preponderante a Guanacaste, darle presencia con sus publicaciones en peri\u00f3dicos y revistas, esfuerzos enormes, que dieron fruto.<\/p>\n<p>Por fin los ojos del resto del pa\u00eds se fijaron en este hermoso patrimonio, de esa herencia que conforma el ser guanacasteco, que como el que m\u00e1s enriquece al patrimonio nacional.<\/p>\n<p>Por esos esfuerzos y su nobleza de coraz\u00f3n, es que hoy en el Bicentenario de la Anexi\u00f3n, hacemos este homenaje a todos esos autores literarios de nuestra tierra, que se encargaron de divulgar la esencia de Guanacaste!<\/p>\n","protected":false},"excerpt":{"rendered":"<div class=\"mh-excerpt\"><p>Las verdaderas dimensiones de la Anexi\u00f3n, en parte del territorio de lo que ser\u00eda el Departamento de Guanacaste desde 1835, se perfilan hasta despu\u00e9s de la celebraci\u00f3n del Centenario de ese hecho hist\u00f3rico en 1924. <a class=\"mh-excerpt-more\" href=\"https:\/\/anexioncr.com\/index.php\/2024\/07\/22\/en-el-bicentenario-de-la-anexion-del-partido-de-nicoya\/\" title=\"En el Bicentenario de la Anexi\u00f3n del Partido de Nicoya\">[&#8230;]<\/a><\/p>\n<\/div>","protected":false},"author":1,"featured_media":0,"comment_status":"open","ping_status":"open","sticky":false,"template":"","format":"standard","meta":{"_monsterinsights_skip_tracking":false,"_monsterinsights_sitenote_active":false,"_monsterinsights_sitenote_note":"","_monsterinsights_sitenote_category":0,"_uf_show_specific_survey":0,"_uf_disable_surveys":false,"footnotes":""},"categories":[34],"tags":[],"class_list":{"0":"post-2707","1":"post","2":"type-post","3":"status-publish","4":"format-standard","6":"category-provincia"},"_links":{"self":[{"href":"https:\/\/anexioncr.com\/index.php\/wp-json\/wp\/v2\/posts\/2707","targetHints":{"allow":["GET"]}}],"collection":[{"href":"https:\/\/anexioncr.com\/index.php\/wp-json\/wp\/v2\/posts"}],"about":[{"href":"https:\/\/anexioncr.com\/index.php\/wp-json\/wp\/v2\/types\/post"}],"author":[{"embeddable":true,"href":"https:\/\/anexioncr.com\/index.php\/wp-json\/wp\/v2\/users\/1"}],"replies":[{"embeddable":true,"href":"https:\/\/anexioncr.com\/index.php\/wp-json\/wp\/v2\/comments?post=2707"}],"version-history":[{"count":1,"href":"https:\/\/anexioncr.com\/index.php\/wp-json\/wp\/v2\/posts\/2707\/revisions"}],"predecessor-version":[{"id":2708,"href":"https:\/\/anexioncr.com\/index.php\/wp-json\/wp\/v2\/posts\/2707\/revisions\/2708"}],"wp:attachment":[{"href":"https:\/\/anexioncr.com\/index.php\/wp-json\/wp\/v2\/media?parent=2707"}],"wp:term":[{"taxonomy":"category","embeddable":true,"href":"https:\/\/anexioncr.com\/index.php\/wp-json\/wp\/v2\/categories?post=2707"},{"taxonomy":"post_tag","embeddable":true,"href":"https:\/\/anexioncr.com\/index.php\/wp-json\/wp\/v2\/tags?post=2707"}],"curies":[{"name":"wp","href":"https:\/\/api.w.org\/{rel}","templated":true}]}}