{"id":2701,"date":"2024-07-22T15:51:15","date_gmt":"2024-07-22T21:51:15","guid":{"rendered":"https:\/\/anexioncr.com\/?p=2701"},"modified":"2024-07-22T15:51:15","modified_gmt":"2024-07-22T21:51:15","slug":"la-sinceridad-del-guanacasteco-inspiro-a-autor-de-la-bandera-de-guanacaste","status":"publish","type":"post","link":"https:\/\/anexioncr.com\/index.php\/2024\/07\/22\/la-sinceridad-del-guanacasteco-inspiro-a-autor-de-la-bandera-de-guanacaste\/","title":{"rendered":"La sinceridad del guanacasteco inspir\u00f3 a autor de la bandera de Guanacaste"},"content":{"rendered":"<p>Otto Apuy Sirias, el m\u00e1s universal artista de Guanacaste, entrevist\u00f3 a Eddie Alvarado Herrera, que tuvo el privilegio de legar ese emblema regional. Para muchos es desconocido quien fue el autor de la bandera de Guanacaste y que es adem\u00e1s relativamente reciente su creaci\u00f3n.<\/p>\n<p>Fue en 1974 en que se convoc\u00f3 por medio de un concurso provincial y con Jos\u00e9 Manuel Pe\u00f1a, convenimos en entrevistarlo y ligar en algo al art\u00edculo que escrib\u00ed sobre la bandera. Esta fue mi primera pregunta.<\/p>\n<p>\u00bf Cu\u00e1l es el significado de los colores y su inspiraci\u00f3n?<br \/>\nEl rojo. Viajando de Tilar\u00e1n hacia el resto de la provincia de Guanacaste hay un momento en que el viajero observa el sol poniente de un color rojo que en ninguna otra provincia es igual, y el viajero queda deslumbrado por su resplandor. Tambi\u00e9n representa un gran coraz\u00f3n El verde. Siguiendo hacia Liberia y por mucho kil\u00f3metros a izquierda y derecha tuvimos la oportunidad de observar el color de los extensos arrozales bien cuidados que se extend\u00edan a ambos lados de la carretera, por lo que en ese tiempo abastec\u00edan con su cosecha a todo el territorio nacional<\/p>\n<p>El Azul. En esa \u00e9poca, 1974 ya hab\u00edan carreteras para ir por todos los cantones de Guanacaste, y recuerdo que en grupos de 15 o 20 personas viaj\u00e1bamos en motocicleta por toda la provincia. Viajando hacia Playas del Coco, hab\u00eda mucho polvo al llegar al mar, de pronto surge una franja de un color azul intenso que no es otra cosa que las aguas del mar.<\/p>\n<p>El blanco. En m\u00e1s de una oportunidad mi esposa y yo visit\u00e1bamos la mayor\u00eda de los cantones de mi provincia y tuvimos la oportunidad de descubrir la sinceridad del guanacasteco quienes a la hora de hablar tanto hombres como mujeres no temen decir la verdad a\u00fan en casos delicados que<br \/>\notros prefieren callar. Esta actitud representa la franja blanca de la bandera de Guanacaste Izada por primera vez en 1974.<\/p>\n<p>Don Eddie me cont\u00f3 que el a\u00f1o pasado hizo un viaje por toda la provincia de Guanacaste, saliendo de Tilar\u00e1n hacia Ca\u00f1as y luego se dirigieron a Santa Cruz, pasandopor Bagaces, Liberia, Carrillo. Luego volvieron por Nicoya pasando por el puente de La Amistad. Dice que guarda muchos recuerdos cuando era profesor en Tilar\u00e1n. Dijo que utiliz\u00f3 l\u00e1pices de colores para el dise\u00f1o de la bandera y que su mayor inspiraci\u00f3n son los paisajes y su gente. Tambi\u00e9n que lo que m\u00e1s le atra\u00eda era el aporte a la provincia, el deseo de competir y aportar.<\/p>\n<p>Alvarado Herrera naci\u00f3 en Tilar\u00e1n un 15 de octubre en 1936. Estudi\u00f3 primaria y secundaria en esta ciudad y se gradu\u00f3 como profesor de ingl\u00e9s en la Escuela Normal Superior. Se despe\u00f1\u00f3 como secretario del Liceo de Tilar\u00e1n, el cual lleva el nombre de su padre don Maurilio Alvarado. Actualmente reside en Moravia, San Jos\u00e9.<\/p>\n<p>La flamante nueva bandera guanacasteca fue izada, curiosamente, por primera vez en San Jos\u00e9 y un hubo un gran desfile conmemorando los 150 a\u00f1os de la Anexi\u00f3n del Partido de Nicoya.<\/p>\n","protected":false},"excerpt":{"rendered":"<div class=\"mh-excerpt\"><p>Otto Apuy Sirias, el m\u00e1s universal artista de Guanacaste, entrevist\u00f3 a Eddie Alvarado Herrera, que tuvo el privilegio de legar ese emblema regional. Para muchos es desconocido quien fue el autor de la bandera de <a class=\"mh-excerpt-more\" href=\"https:\/\/anexioncr.com\/index.php\/2024\/07\/22\/la-sinceridad-del-guanacasteco-inspiro-a-autor-de-la-bandera-de-guanacaste\/\" title=\"La sinceridad del guanacasteco inspir\u00f3 a autor de la bandera de Guanacaste\">[&#8230;]<\/a><\/p>\n<\/div>","protected":false},"author":1,"featured_media":1526,"comment_status":"open","ping_status":"open","sticky":false,"template":"","format":"standard","meta":{"_monsterinsights_skip_tracking":false,"_monsterinsights_sitenote_active":false,"_monsterinsights_sitenote_note":"","_monsterinsights_sitenote_category":0,"_uf_show_specific_survey":0,"_uf_disable_surveys":false,"footnotes":""},"categories":[34],"tags":[],"class_list":{"0":"post-2701","1":"post","2":"type-post","3":"status-publish","4":"format-standard","5":"has-post-thumbnail","7":"category-provincia"},"_links":{"self":[{"href":"https:\/\/anexioncr.com\/index.php\/wp-json\/wp\/v2\/posts\/2701","targetHints":{"allow":["GET"]}}],"collection":[{"href":"https:\/\/anexioncr.com\/index.php\/wp-json\/wp\/v2\/posts"}],"about":[{"href":"https:\/\/anexioncr.com\/index.php\/wp-json\/wp\/v2\/types\/post"}],"author":[{"embeddable":true,"href":"https:\/\/anexioncr.com\/index.php\/wp-json\/wp\/v2\/users\/1"}],"replies":[{"embeddable":true,"href":"https:\/\/anexioncr.com\/index.php\/wp-json\/wp\/v2\/comments?post=2701"}],"version-history":[{"count":1,"href":"https:\/\/anexioncr.com\/index.php\/wp-json\/wp\/v2\/posts\/2701\/revisions"}],"predecessor-version":[{"id":2702,"href":"https:\/\/anexioncr.com\/index.php\/wp-json\/wp\/v2\/posts\/2701\/revisions\/2702"}],"wp:featuredmedia":[{"embeddable":true,"href":"https:\/\/anexioncr.com\/index.php\/wp-json\/wp\/v2\/media\/1526"}],"wp:attachment":[{"href":"https:\/\/anexioncr.com\/index.php\/wp-json\/wp\/v2\/media?parent=2701"}],"wp:term":[{"taxonomy":"category","embeddable":true,"href":"https:\/\/anexioncr.com\/index.php\/wp-json\/wp\/v2\/categories?post=2701"},{"taxonomy":"post_tag","embeddable":true,"href":"https:\/\/anexioncr.com\/index.php\/wp-json\/wp\/v2\/tags?post=2701"}],"curies":[{"name":"wp","href":"https:\/\/api.w.org\/{rel}","templated":true}]}}