{"id":2648,"date":"2024-07-22T09:57:38","date_gmt":"2024-07-22T15:57:38","guid":{"rendered":"https:\/\/anexioncr.com\/?p=2648"},"modified":"2024-07-22T09:57:38","modified_gmt":"2024-07-22T15:57:38","slug":"unidos-seran-mas-fuertes","status":"publish","type":"post","link":"https:\/\/anexioncr.com\/index.php\/2024\/07\/22\/unidos-seran-mas-fuertes\/","title":{"rendered":"Unidos ser\u00e1n m\u00e1s fuertes"},"content":{"rendered":"<p>A prop\u00f3sito de la celebraci\u00f3n de los 200 a\u00f1os de la Anexi\u00f3n del Partido de Nicoya a Costa Rica, fecha que sin duda es de gran regocijo para las y los guanacastecos y debe serlo para todos los costarricenses, he considerado oportuno hacer una reflexi\u00f3n sobre la trascendencia que aquella decisi\u00f3n tuvo para todos nosotros y lo que Guanacaste significa hoy por hoy para nuestro pa\u00eds.<\/p>\n<p>Creo que nadie dudar\u00eda que Costa Rica no ser\u00eda la misma si ese maravilloso territorio pampero, no fuera parte de nuestro mapa nacional. Ser\u00eda muy dif\u00edcil decir todo lo que hemos ganado gracias a aquella anexi\u00f3n en julio de 1824. La producci\u00f3n ganadera, la agricultura, la generaci\u00f3n de energ\u00eda el\u00e9ctrica, tanto geot\u00e9rmica, e\u00f3lica, h\u00eddrica y solar, la riqueza de nuestro mar territorial y patrimonial y en los \u00faltimos 35 a\u00f1os la explosi\u00f3n tur\u00edstica que nos pone en los primeros destinos a nivel mundial, son tan s\u00f3lo algunos de los principales legados que nos llegaron con esas bajuras, pen\u00ednsula e islas del golfo, sin olvidar jam\u00e1s su maravillosa cultura, su rica gastronom\u00eda y la sencillez de sus habitantes.<\/p>\n<p>Tanto lo que Guanacaste le ha dado y le sigue dando al resto del pa\u00eds, que a veces pienso que Costa Rica est\u00e1 en deuda con todos ellos y que no debemos pasar mucho tiempo m\u00e1s sin saldar la misma. Sin embargo, como todo en la vida y m\u00e1s cuando se trata de temas nacionales, de reivindicaciones y de generaci\u00f3n de desarrollo y justicia territorial, resolver los problemas que sin duda existen no es nada f\u00e1cil y es necesario luchar para lograr las metas propuestas, para cambiar la calidad de vida de quienes viven en ese territorio nacional, particularmente de las generaciones aut\u00f3ctonas, pues no es desconocido para nosotros, que muchos otros viven ah\u00ed mismo en \u201cpolos de desarrollo\u201d ajenos a su entorno territorial, social y cultural, que bien podr\u00edan compararse con otros similares en pa\u00edses europeos o de otras latitudes, eso s\u00ed, bien pr\u00f3speras.<\/p>\n<p>No estamos en contra del desarrollo ni de la inversi\u00f3n nacional o extranjera, jam\u00e1s podr\u00edamos estarlo, pero si creemos que hay que hacer un esfuerzo y lograr que los beneficios de la misma lleguen a m\u00e1s personas y comunidades. No tenemos ninguna duda de que la mejor forma de lograrlo es empoderando a los gobiernos locales de esa provincia, para que juntos puedan, no solo involucrarse, sino liderar y promover, lo que debe ser el futuro de Guanacaste en el corto, mediano y largo plazo, pero empezando desde ya.<\/p>\n<p>Para que los cantones pamperos lo logren, lo primero que debe pasar es que se lo crean y entiendan que, si cada uno de ellos s\u00f3lo se preocupa por su territorio cantonal, ser\u00e1 muy dif\u00edcil lograr cambios significativos. Desde mi experiencia como Ex Presidente Ejecutivo del IFAM, no tengo ninguna duda que el mejor veh\u00edculo para logar ese trabajo compartido y construir una meta com\u00fan, es participando activamente en la estructura regional que tienen desde hace m\u00e1s de 50 a\u00f1os, que es la hoy conocida como Federaci\u00f3n de Municipalidades de Guanacaste, FEMUGA. Con seguridad habr\u00e1 cosas que mejorar a lo interno de la Federaci\u00f3n, eso ocurre en todas las que existen en las distintas regiones de nuestro pa\u00eds, incluso las Asociaciones de car\u00e1cter nacional, pero el principal de los problemas deriva de que no est\u00e9n involucrados en ella todos los cantones de la provincia de Guanacaste.<\/p>\n<p>Si alguna Municipalidad no se siente a gusto con el trabajo que se realiza, lejos de irse o permanecer ajena a la Federaci\u00f3n, lo que debe hacer es regresar a ella y desde adentro luchar junto con las dem\u00e1s Municipalidades para mejorarla y convertir a FEMUGA en el referente, en el representante e interlocutor m\u00e1s importante y leg\u00edtimo de todo el territorio Guanacasteco.<\/p>\n<p>Las 11 Municipalidades Guanacastecas, est\u00e1n llamadas a ser la principal fuerza impulsora del desarrollo de ese territorio, pero eso s\u00f3lo lo van a lograr si trabajan unidas privilegiando el inter\u00e9s com\u00fan, el inter\u00e9s regional y la FEMUGA es la mejor herramienta que pueden tener para lograrlo.<\/p>\n<p>Ojal\u00e1 as\u00ed lo entiendan y que nunca olviden que UNIDOS SERAN MAS FUERTES.<\/p>\n<p>No quisiera terminar, sin aceptar que estoy consciente de que no todo se logra luchando desde el territorio, tambi\u00e9n hay que hacerlo en otras trincheras que la institucionalidad democr\u00e1tica nos ofrece y por ello debemos tener presente que ha llegado el momento de luchar por Guanacaste desde una curul municipalista guanacasteca. Me consta que entre los l\u00edderes municipales de la provincia, hay gente sumamente valiosa, que han hecho extraordinario trabajo en sus cantones y gozan del aprecio y respeto de autoridades cantonales y pobladores de otros cantones pamperos.<\/p>\n<p>Dios quiera que entre los dirigentes de los 11 cantones puedan escoger alguien de su propio c\u00edrculo que apoyen para llegar a la Asamblea Legislativa en el 2026. A estas alturas de la pol\u00edtica nacional, ya no importa el color del uniforme con que se juegue, lo importante son los jugadores y por eso estoy seguro que si hacen frente com\u00fan impulsando la candidatura de una pareja de l\u00edderes pamperos, de las entra\u00f1as propias del municipalismo guanacasteco,<br \/>\nes capaz que puedan logar muchas cosas positivas, entre ellas que Costa Rica le d\u00e9 al Guanacaste el lugar que se merece y que se ha ganado d\u00eda a d\u00eda por los \u00faltimos 200 a\u00f1os.<\/p>\n","protected":false},"excerpt":{"rendered":"<div class=\"mh-excerpt\"><p>A prop\u00f3sito de la celebraci\u00f3n de los 200 a\u00f1os de la Anexi\u00f3n del Partido de Nicoya a Costa Rica, fecha que sin duda es de gran regocijo para las y los guanacastecos y debe serlo <a class=\"mh-excerpt-more\" href=\"https:\/\/anexioncr.com\/index.php\/2024\/07\/22\/unidos-seran-mas-fuertes\/\" title=\"Unidos ser\u00e1n m\u00e1s fuertes\">[&#8230;]<\/a><\/p>\n<\/div>","protected":false},"author":1,"featured_media":1711,"comment_status":"open","ping_status":"open","sticky":false,"template":"","format":"standard","meta":{"_monsterinsights_skip_tracking":false,"_monsterinsights_sitenote_active":false,"_monsterinsights_sitenote_note":"","_monsterinsights_sitenote_category":0,"_uf_show_specific_survey":0,"_uf_disable_surveys":false,"footnotes":""},"categories":[36,34],"tags":[],"class_list":{"0":"post-2648","1":"post","2":"type-post","3":"status-publish","4":"format-standard","5":"has-post-thumbnail","7":"category-destacados","8":"category-provincia"},"_links":{"self":[{"href":"https:\/\/anexioncr.com\/index.php\/wp-json\/wp\/v2\/posts\/2648","targetHints":{"allow":["GET"]}}],"collection":[{"href":"https:\/\/anexioncr.com\/index.php\/wp-json\/wp\/v2\/posts"}],"about":[{"href":"https:\/\/anexioncr.com\/index.php\/wp-json\/wp\/v2\/types\/post"}],"author":[{"embeddable":true,"href":"https:\/\/anexioncr.com\/index.php\/wp-json\/wp\/v2\/users\/1"}],"replies":[{"embeddable":true,"href":"https:\/\/anexioncr.com\/index.php\/wp-json\/wp\/v2\/comments?post=2648"}],"version-history":[{"count":3,"href":"https:\/\/anexioncr.com\/index.php\/wp-json\/wp\/v2\/posts\/2648\/revisions"}],"predecessor-version":[{"id":2651,"href":"https:\/\/anexioncr.com\/index.php\/wp-json\/wp\/v2\/posts\/2648\/revisions\/2651"}],"wp:featuredmedia":[{"embeddable":true,"href":"https:\/\/anexioncr.com\/index.php\/wp-json\/wp\/v2\/media\/1711"}],"wp:attachment":[{"href":"https:\/\/anexioncr.com\/index.php\/wp-json\/wp\/v2\/media?parent=2648"}],"wp:term":[{"taxonomy":"category","embeddable":true,"href":"https:\/\/anexioncr.com\/index.php\/wp-json\/wp\/v2\/categories?post=2648"},{"taxonomy":"post_tag","embeddable":true,"href":"https:\/\/anexioncr.com\/index.php\/wp-json\/wp\/v2\/tags?post=2648"}],"curies":[{"name":"wp","href":"https:\/\/api.w.org\/{rel}","templated":true}]}}