{"id":2625,"date":"2024-07-03T09:06:21","date_gmt":"2024-07-03T15:06:21","guid":{"rendered":"https:\/\/anexioncr.com\/?p=2625"},"modified":"2024-07-03T09:08:02","modified_gmt":"2024-07-03T15:08:02","slug":"guanacaste-se-entronizo-en-el-paseo-colon-de-san-jose-con-tig","status":"publish","type":"post","link":"https:\/\/anexioncr.com\/index.php\/2024\/07\/03\/guanacaste-se-entronizo-en-el-paseo-colon-de-san-jose-con-tig\/","title":{"rendered":"Guanacaste se entroniz\u00f3 en el Paseo Colon de San Jos\u00e9 con TIG"},"content":{"rendered":"<p>\u25cf Inversi\u00f3n en edificio y adaptaci\u00f3n para la Central Autobusera Inteligente supera los $5 millones<br \/>\n\u25cf Ofrece a usuarios parqueo, WiFi, cargadores para tel\u00e9fono y conexi\u00f3n directa con buses locales y taxis<\/p>\n<p>Un nuevo concepto en terminal autobusera se inaugura este martes 2 de julio para los autobuses que cubren las rutas de San Jos\u00e9 a Santa Cruz y Nicoya, Guanacaste.<\/p>\n<p>Con una inversion que ronda los $5 millones en el valor del terreno y el eidificio y la adaptaci\u00f3n especial que se le hizo, la nueva Central Autobusera Inteligente e ubica en la esquina de la calle 22 A y el Paseo Col\u00f3n.<\/p>\n<p>En este nuevo concepto, la terminal ser\u00e1 \u00fanicamente de abordaje y desembarque de pasajeros, por lo cual las unidades permanecer\u00e1n en el lugar solo el tiempo requerido para efectuar esas acciones. Esta ser\u00e1 la nueva base de operaciones de la firma Transporte Inteligente de Guanacaste (TIG), que cubre tanto la ruta integrada 1502 (San Jos\u00e9 \u2013 Santa Cruz \u2013 Tamarindo y Flamingo), como la ruta 1507 (San Jos\u00e9 \u2013 Nicoya y ramales). Tambi\u00e9n ser\u00e1 punto de llegada y salida para la firma TransNica que presta el servicio internacional San Jos\u00e9 \u2013 Managua.<\/p>\n<p>\u201cEstamos muy orgullosos de poder abrir a nuestros usuarios esta nueva terminal, con instalaciones adaptadas a la medida para brindar un excelente servicio. Aqu\u00ed no solo podr\u00e1n abordar nuestras unidades con destino a los diferentes recorridos, sino que contar\u00e1n con un sitio c\u00f3modo, iluminado, seguro, accesible y lo principal, que est\u00e1 mas cerca de todo\u201d, manifest\u00f3 Faridi Alfaro, vocera de TIG.<\/p>\n<p>Destac\u00f3 adem\u00e1s que la inversi\u00f3n se efectu\u00f3 con el prop\u00f8sito de brindar mejores condiciones a los clientes, entre las que est\u00e1n parqueo para motos y veh\u00edculos, internet inhal\u00e1mbrica, cargadores para tel\u00e9fono y adem\u00e1s le permite a los pasajeros tener conexi\u00f3n directa con servicios de buses locales y de taxis a tan solo unos pasos. La Central Autobusera Inteligente se ubica sobre el Paseo Col\u00f3n, 150 metros al oeste del<br \/>\nHospital Nacional de Ni\u00f1os. Hist\u00f3ricamente no ha existido una terminal en una ubicaci\u00f3n estrat\u00e9gica como esta, a una cuadra de distancia de dos de los centros m\u00e9dicos m\u00e1s importantes del pa\u00eds y a unos minutos caminando del bulevar de la Avenida Central.<\/p>\n<p>La firma operadora destaca tambi\u00e9n el aporte de la obra a la recuperaci\u00f3n urbana de una zona de la capital de gran valor hist\u00f3rico y comercial y apuesta a que la presencia de movimiento de personas pr\u00e1cticametne durante las 24 horas del d\u00eda contribuya a convertirla en un sitio m\u00e1s amigable y seguro.<\/p>\n<p>Para edificar la terminal se debi\u00f3 de cumplir con una serie de estudios y requsitos que exigen las entidades estatales y municipales. Por ejemplo, se contrat\u00f3 un estudio que analiz\u00f3 el impacto vial de la operaci\u00f3n y que a la postre recibii\u00f3 la aprobaci\u00f3n de la Direcci\u00f3n de Ingenier\u00eda de Tr\u00e1nsito del Ministerio de Obras P\u00fablicas y Transportes (MOPT).<\/p>\n<p>La instalaci\u00f3n tambi\u00e9n cuenta con el aval del Consejo de Transporte P\u00fablico (CTP), la Municipalidad de San Jos\u00e9 y el Colegio Federado de Ingenieros y Arquitectos, entre otras entidades. En su compromiso con la sostenibilidad y el cuidado del ambiente, la Central Autobusera tiene previsto incorporar paneles solares en su techo con el fin de contar con mayor autosuficiencia y reducir la huella de carbono.<\/p>\n","protected":false},"excerpt":{"rendered":"<div class=\"mh-excerpt\"><p>\u25cf Inversi\u00f3n en edificio y adaptaci\u00f3n para la Central Autobusera Inteligente supera los $5 millones \u25cf Ofrece a usuarios parqueo, WiFi, cargadores para tel\u00e9fono y conexi\u00f3n directa con buses locales y taxis Un nuevo concepto <a class=\"mh-excerpt-more\" href=\"https:\/\/anexioncr.com\/index.php\/2024\/07\/03\/guanacaste-se-entronizo-en-el-paseo-colon-de-san-jose-con-tig\/\" title=\"Guanacaste se entroniz\u00f3 en el Paseo Colon de San Jos\u00e9 con TIG\">[&#8230;]<\/a><\/p>\n<\/div>","protected":false},"author":1,"featured_media":2626,"comment_status":"open","ping_status":"open","sticky":false,"template":"","format":"standard","meta":{"_monsterinsights_skip_tracking":false,"_monsterinsights_sitenote_active":false,"_monsterinsights_sitenote_note":"","_monsterinsights_sitenote_category":0,"_uf_show_specific_survey":0,"_uf_disable_surveys":false,"footnotes":""},"categories":[36,34],"tags":[],"class_list":{"0":"post-2625","1":"post","2":"type-post","3":"status-publish","4":"format-standard","5":"has-post-thumbnail","7":"category-destacados","8":"category-provincia"},"_links":{"self":[{"href":"https:\/\/anexioncr.com\/index.php\/wp-json\/wp\/v2\/posts\/2625","targetHints":{"allow":["GET"]}}],"collection":[{"href":"https:\/\/anexioncr.com\/index.php\/wp-json\/wp\/v2\/posts"}],"about":[{"href":"https:\/\/anexioncr.com\/index.php\/wp-json\/wp\/v2\/types\/post"}],"author":[{"embeddable":true,"href":"https:\/\/anexioncr.com\/index.php\/wp-json\/wp\/v2\/users\/1"}],"replies":[{"embeddable":true,"href":"https:\/\/anexioncr.com\/index.php\/wp-json\/wp\/v2\/comments?post=2625"}],"version-history":[{"count":2,"href":"https:\/\/anexioncr.com\/index.php\/wp-json\/wp\/v2\/posts\/2625\/revisions"}],"predecessor-version":[{"id":2628,"href":"https:\/\/anexioncr.com\/index.php\/wp-json\/wp\/v2\/posts\/2625\/revisions\/2628"}],"wp:featuredmedia":[{"embeddable":true,"href":"https:\/\/anexioncr.com\/index.php\/wp-json\/wp\/v2\/media\/2626"}],"wp:attachment":[{"href":"https:\/\/anexioncr.com\/index.php\/wp-json\/wp\/v2\/media?parent=2625"}],"wp:term":[{"taxonomy":"category","embeddable":true,"href":"https:\/\/anexioncr.com\/index.php\/wp-json\/wp\/v2\/categories?post=2625"},{"taxonomy":"post_tag","embeddable":true,"href":"https:\/\/anexioncr.com\/index.php\/wp-json\/wp\/v2\/tags?post=2625"}],"curies":[{"name":"wp","href":"https:\/\/api.w.org\/{rel}","templated":true}]}}