{"id":2614,"date":"2024-07-03T09:09:55","date_gmt":"2024-07-03T15:09:55","guid":{"rendered":"https:\/\/anexioncr.com\/?p=2614"},"modified":"2024-07-03T09:09:55","modified_gmt":"2024-07-03T15:09:55","slug":"bagaces-cultura-viva-celebracion-del-legado-afrodescendiente-en-guanacaste","status":"publish","type":"post","link":"https:\/\/anexioncr.com\/index.php\/2024\/07\/03\/bagaces-cultura-viva-celebracion-del-legado-afrodescendiente-en-guanacaste\/","title":{"rendered":"Bagaces Cultura Viva: Celebraci\u00f3n del Legado Afrodescendiente en Guanacaste"},"content":{"rendered":"<p>En una vibrante ma\u00f1ana cultural, el auditorio del Liceo de Bagaces fue el escenario de la actividad &#8220;Bagaces Cultura Viva: Colores y ritmo de Guanacaste&#8221;, que resalt\u00f3 la rica herencia afrodescendiente de la regi\u00f3n, que combin\u00f3 charlas educativas, presentaciones musicales que deleitaron a estudiantes de Bachillerato Internacional , profesores y dem\u00e1s p\u00fablico presente.<\/p>\n<p>Hubo una charla magistral de la m\u00e1ster Dorian Chavarr\u00eda, titulada &#8220;La Herencia Afrodescendiente en Guanacaste&#8221; y explic\u00f3 que desde la \u00e9poca de la exploraci\u00f3n y conquista, esas personas llegaron a Guanacaste en calidad de mano de obra esclava, contribuyeron en actividades econ\u00f3micas como la ganader\u00eda y la agricultura. A pesar del mestizaje, estos legados culturales han permanecido firmes, siendo un testimonio vivo de la estirpe africana en la regi\u00f3n.<\/p>\n<h4>Gastronom\u00eda deliciosa<\/h4>\n<p>Tambi\u00e9n particip\u00f3 Marielos Jim\u00e9nez Mart\u00ednez, conocida como La Chola de Bagaces, una mujer dedicada a preservar y transmitir las costumbres de su tierra, que ofreci\u00f3 una magistral exposici\u00f3n sobre el trote del caballo. La folclorista Jim\u00e9nez, con su pasi\u00f3n y conocimiento, cautiv\u00f3 a los asistentes al compartir detalles sobre esta pr\u00e1ctica cultural que refleja la m\u00fasica y las tradiciones de Guanacaste.<\/p>\n<p>Cristian Chaves, acad\u00e9mico de la UNA Campus Liberia, destac\u00f3 la importancia de la m\u00fasica, la danza y la gastronom\u00eda tradicional guanacasteca como expresiones vivas de la herencia afrodescendiente. El docente resalt\u00f3 la riqueza de sabores aut\u00e9nticos arraigados en las comunidades locales, como los platillos de frito y mondongo, que evidencian la profunda influencia africana en el arte culinario de Guanacaste.<\/p>\n","protected":false},"excerpt":{"rendered":"<div class=\"mh-excerpt\"><p>En una vibrante ma\u00f1ana cultural, el auditorio del Liceo de Bagaces fue el escenario de la actividad &#8220;Bagaces Cultura Viva: Colores y ritmo de Guanacaste&#8221;, que resalt\u00f3 la rica herencia afrodescendiente de la regi\u00f3n, que <a class=\"mh-excerpt-more\" href=\"https:\/\/anexioncr.com\/index.php\/2024\/07\/03\/bagaces-cultura-viva-celebracion-del-legado-afrodescendiente-en-guanacaste\/\" title=\"Bagaces Cultura Viva: Celebraci\u00f3n del Legado Afrodescendiente en Guanacaste\">[&#8230;]<\/a><\/p>\n<\/div>","protected":false},"author":1,"featured_media":2629,"comment_status":"open","ping_status":"open","sticky":false,"template":"","format":"standard","meta":{"_monsterinsights_skip_tracking":false,"_monsterinsights_sitenote_active":false,"_monsterinsights_sitenote_note":"","_monsterinsights_sitenote_category":0,"_uf_show_specific_survey":0,"_uf_disable_surveys":false,"footnotes":""},"categories":[34],"tags":[],"class_list":{"0":"post-2614","1":"post","2":"type-post","3":"status-publish","4":"format-standard","5":"has-post-thumbnail","7":"category-provincia"},"_links":{"self":[{"href":"https:\/\/anexioncr.com\/index.php\/wp-json\/wp\/v2\/posts\/2614","targetHints":{"allow":["GET"]}}],"collection":[{"href":"https:\/\/anexioncr.com\/index.php\/wp-json\/wp\/v2\/posts"}],"about":[{"href":"https:\/\/anexioncr.com\/index.php\/wp-json\/wp\/v2\/types\/post"}],"author":[{"embeddable":true,"href":"https:\/\/anexioncr.com\/index.php\/wp-json\/wp\/v2\/users\/1"}],"replies":[{"embeddable":true,"href":"https:\/\/anexioncr.com\/index.php\/wp-json\/wp\/v2\/comments?post=2614"}],"version-history":[{"count":2,"href":"https:\/\/anexioncr.com\/index.php\/wp-json\/wp\/v2\/posts\/2614\/revisions"}],"predecessor-version":[{"id":2630,"href":"https:\/\/anexioncr.com\/index.php\/wp-json\/wp\/v2\/posts\/2614\/revisions\/2630"}],"wp:featuredmedia":[{"embeddable":true,"href":"https:\/\/anexioncr.com\/index.php\/wp-json\/wp\/v2\/media\/2629"}],"wp:attachment":[{"href":"https:\/\/anexioncr.com\/index.php\/wp-json\/wp\/v2\/media?parent=2614"}],"wp:term":[{"taxonomy":"category","embeddable":true,"href":"https:\/\/anexioncr.com\/index.php\/wp-json\/wp\/v2\/categories?post=2614"},{"taxonomy":"post_tag","embeddable":true,"href":"https:\/\/anexioncr.com\/index.php\/wp-json\/wp\/v2\/tags?post=2614"}],"curies":[{"name":"wp","href":"https:\/\/api.w.org\/{rel}","templated":true}]}}