{"id":2565,"date":"2024-06-26T09:22:21","date_gmt":"2024-06-26T15:22:21","guid":{"rendered":"https:\/\/anexioncr.com\/?p=2565"},"modified":"2024-06-26T09:22:21","modified_gmt":"2024-06-26T15:22:21","slug":"sello-costa-rica-artesanal-anuncia-nueva-convocatoria","status":"publish","type":"post","link":"https:\/\/anexioncr.com\/index.php\/2024\/06\/26\/sello-costa-rica-artesanal-anuncia-nueva-convocatoria\/","title":{"rendered":"Sello Costa Rica Artesanal anuncia nueva convocatoria"},"content":{"rendered":"<p>El Ministerio de Econom\u00eda, Industria y Comercio (MEIC), junto al Ministerio de Cultura y Juventud (MCJ), el Instituto Costarricense de Turismo (ICT) y el Instituto Nacional de Aprendizaje (INA), anuncian una nueva convocatoria para obtener el Sello Costa Rica Artesanal.<\/p>\n<p>Esta certificaci\u00f3n gratuita asegura la autenticidad y calidad de las artesan\u00edas costarricenses, promoviendo la diversidad cultural del pa\u00eds, y brinda un mayor valor agregado a los productos nacionales.<\/p>\n<h4>\nSello es garant\u00eda de \u00e9xito<\/h4>\n<p>Este beneficio permite a los artesanos la participaci\u00f3n en ferias, ruedas de negocios y capacitaciones organizadas por dem\u00e1s instituciones y sirve como caracter\u00edstica distintiva de los productos de Costa Rica, asegurando en nuestro pa\u00eds y en el extranjero el origen de la misma.<\/p>\n<p>Las bases y m\u00e1s informaci\u00f3n est\u00e1n disponibles en este enlace: s:\/\/www.meic.go.cr\/selloartesanal\/<br \/>\nFecha l\u00edmite para participar: viernes 2 de agosto del 2024.<br \/>\nEn caso de m\u00e1s informaci\u00f3n, escriba al correo selloartesanal@meic.go.cr o llame al 2549-1400 ext. 121 o 100. WWW.MEIC.GO.CR<\/p>\n<p>Es importante mencionar que 176 artesanos cuentan con el Sello Costa Rica Artesanal y en el marco de la Expo Pyme Oficial 2024, a 27 artesanos se les entregar\u00e1 este distintivo. Actualmente, hay un total 2 144 artesan\u00edas con este sello.<\/p>\n","protected":false},"excerpt":{"rendered":"<div class=\"mh-excerpt\"><p>El Ministerio de Econom\u00eda, Industria y Comercio (MEIC), junto al Ministerio de Cultura y Juventud (MCJ), el Instituto Costarricense de Turismo (ICT) y el Instituto Nacional de Aprendizaje (INA), anuncian una nueva convocatoria para obtener <a class=\"mh-excerpt-more\" href=\"https:\/\/anexioncr.com\/index.php\/2024\/06\/26\/sello-costa-rica-artesanal-anuncia-nueva-convocatoria\/\" title=\"Sello Costa Rica Artesanal anuncia nueva convocatoria\">[&#8230;]<\/a><\/p>\n<\/div>","protected":false},"author":1,"featured_media":2318,"comment_status":"open","ping_status":"open","sticky":false,"template":"","format":"standard","meta":{"_monsterinsights_skip_tracking":false,"_monsterinsights_sitenote_active":false,"_monsterinsights_sitenote_note":"","_monsterinsights_sitenote_category":0,"_uf_show_specific_survey":0,"_uf_disable_surveys":false,"footnotes":""},"categories":[33],"tags":[],"class_list":{"0":"post-2565","1":"post","2":"type-post","3":"status-publish","4":"format-standard","5":"has-post-thumbnail","7":"category-nacionales"},"_links":{"self":[{"href":"https:\/\/anexioncr.com\/index.php\/wp-json\/wp\/v2\/posts\/2565","targetHints":{"allow":["GET"]}}],"collection":[{"href":"https:\/\/anexioncr.com\/index.php\/wp-json\/wp\/v2\/posts"}],"about":[{"href":"https:\/\/anexioncr.com\/index.php\/wp-json\/wp\/v2\/types\/post"}],"author":[{"embeddable":true,"href":"https:\/\/anexioncr.com\/index.php\/wp-json\/wp\/v2\/users\/1"}],"replies":[{"embeddable":true,"href":"https:\/\/anexioncr.com\/index.php\/wp-json\/wp\/v2\/comments?post=2565"}],"version-history":[{"count":1,"href":"https:\/\/anexioncr.com\/index.php\/wp-json\/wp\/v2\/posts\/2565\/revisions"}],"predecessor-version":[{"id":2566,"href":"https:\/\/anexioncr.com\/index.php\/wp-json\/wp\/v2\/posts\/2565\/revisions\/2566"}],"wp:featuredmedia":[{"embeddable":true,"href":"https:\/\/anexioncr.com\/index.php\/wp-json\/wp\/v2\/media\/2318"}],"wp:attachment":[{"href":"https:\/\/anexioncr.com\/index.php\/wp-json\/wp\/v2\/media?parent=2565"}],"wp:term":[{"taxonomy":"category","embeddable":true,"href":"https:\/\/anexioncr.com\/index.php\/wp-json\/wp\/v2\/categories?post=2565"},{"taxonomy":"post_tag","embeddable":true,"href":"https:\/\/anexioncr.com\/index.php\/wp-json\/wp\/v2\/tags?post=2565"}],"curies":[{"name":"wp","href":"https:\/\/api.w.org\/{rel}","templated":true}]}}