{"id":2544,"date":"2024-06-21T15:35:04","date_gmt":"2024-06-21T21:35:04","guid":{"rendered":"https:\/\/anexioncr.com\/?p=2544"},"modified":"2024-06-21T15:35:04","modified_gmt":"2024-06-21T21:35:04","slug":"trabajadores-pensionados-reportados-ante-la-ccss-recibiran-subsidio-por-incapacidad","status":"publish","type":"post","link":"https:\/\/anexioncr.com\/index.php\/2024\/06\/21\/trabajadores-pensionados-reportados-ante-la-ccss-recibiran-subsidio-por-incapacidad\/","title":{"rendered":"Trabajadores pensionados reportados ante la CCSS recibir\u00e1n subsidio por incapacidad"},"content":{"rendered":"<ul>\n<li><em>Instituci\u00f3n deroga el art\u00edculo 44 del Reglamento de Invalidez, Vejez y Muerte.\u00a0<\/em><\/li>\n<li><em>Desde el 22 de marzo anterior, instituci\u00f3n procedi\u00f3 al pago de subsidio por incapacidad a trabajadores pensionados seg\u00fan corresponde.\u00a0<\/em><\/li>\n<li><em>En 2023, 25 000 trabajadores pensionados estaban reportados ante la instituci\u00f3n.\u00a0<\/em><\/li>\n<\/ul>\n<p>&nbsp;<\/p>\n<p>La Junta Directiva de la Caja Costarricense de Seguro Social (CCSS) aprob\u00f3 derogar el art\u00edculo 44 del Reglamento del Seguro de Invalidez, Vejez y Muerte, lo que permitir\u00e1 que los trabajadores pensionados, reportados ante la instituci\u00f3n, podr\u00e1n recibir el subsidio por incapacidad.<\/p>\n<p>Seg\u00fan explic\u00f3 la presidenta ejecutiva de la instituci\u00f3n, <strong>MSc. Marta Eugenia Esquivel Rodr\u00edguez,<\/strong> el art\u00edculo establec\u00eda la incompatibilidad de la pensi\u00f3n y el subsidio por enfermedad; es decir, si una persona trabajadora reportada en planilla o cotizante como trabajador independiente contaba con una pensi\u00f3n de invalidez o vejez no pod\u00eda recibir los subsidios por incapacidad en los t\u00e9rminos de los art\u00edculos 29 y 34 del Reglamento del Seguro de Salud.<\/p>\n<p>Con la derogaci\u00f3n de este art\u00edculo,\u00a0 aprobada en la sesi\u00f3n N\u00b0 9458 del jueves 20 de junio, ahora las personas aseguradas que contin\u00faan laborando y son reportadas en las planillas ante la CCSS al recibir una incapacidad tendr\u00e1n derecho al subsidio que les corresponde.<\/p>\n<p>El acuerdo de la Junta Directiva atiende la resoluci\u00f3n de la Sala Constitucional en la sentencia 2024001271, que le otorg\u00f3 a la instituci\u00f3n dos meses para gestionar lo que correspondiera para que las personas aseguradas pensionadas que contin\u00faen laborando se les cancele el subsidio que corresponde.<\/p>\n<p>La Gerencia Financiera y con el visto bueno de la Direcci\u00f3n Jur\u00eddica, instruy\u00f3 desde el 22 de marzo del a\u00f1o en curso a las unidades correspondientes a que procedan\u00a0 con el pago respectivo del subsidio a las personas pensionadas que laboran y cotizan, en tanto se oficializaba la derogaci\u00f3n del art\u00edculo.<\/p>\n<p>El <strong>licenciado Gustavo Picado Chac\u00f3n,<\/strong> gerente financiero, coment\u00f3 que \u201cla poblaci\u00f3n de personas trabajadoras pensionadas que laboran y est\u00e1n inscritas ante la CCSS ha venido creciendo significativamente, en el 2016 hab\u00edan 12 000 y en el 2023 poco m\u00e1s de 25 000, muchos de ellos son trabajadores independientes (15 000), un tercio labora en la empresa privada\u201d.<\/p>\n<p>De acuerdo con los datos institucionales, los d\u00edas de incapacidad de los trabajadores independientes pensionados durante 2023 fue de 136\u00a0493 d\u00edas, y por lo general, cotizan en los estratos de salarios de dos salarios o menos.<\/p>\n<p>Con el acuerdo tomado por la Junta Directiva se proceder\u00e1 con la publicaci\u00f3n de la derogatoria en el Diario Oficial La Gaceta.<\/p>\n","protected":false},"excerpt":{"rendered":"<div class=\"mh-excerpt\"><p>Instituci\u00f3n deroga el art\u00edculo 44 del Reglamento de Invalidez, Vejez y Muerte.\u00a0 Desde el 22 de marzo anterior, instituci\u00f3n procedi\u00f3 al pago de subsidio por incapacidad a trabajadores pensionados seg\u00fan corresponde.\u00a0 En 2023, 25 000 <a class=\"mh-excerpt-more\" href=\"https:\/\/anexioncr.com\/index.php\/2024\/06\/21\/trabajadores-pensionados-reportados-ante-la-ccss-recibiran-subsidio-por-incapacidad\/\" title=\"Trabajadores pensionados reportados ante la CCSS recibir\u00e1n subsidio por incapacidad\">[&#8230;]<\/a><\/p>\n<\/div>","protected":false},"author":1,"featured_media":1867,"comment_status":"open","ping_status":"open","sticky":false,"template":"","format":"standard","meta":{"_monsterinsights_skip_tracking":false,"_monsterinsights_sitenote_active":false,"_monsterinsights_sitenote_note":"","_monsterinsights_sitenote_category":0,"_uf_show_specific_survey":0,"_uf_disable_surveys":false,"footnotes":""},"categories":[33],"tags":[],"class_list":{"0":"post-2544","1":"post","2":"type-post","3":"status-publish","4":"format-standard","5":"has-post-thumbnail","7":"category-nacionales"},"_links":{"self":[{"href":"https:\/\/anexioncr.com\/index.php\/wp-json\/wp\/v2\/posts\/2544","targetHints":{"allow":["GET"]}}],"collection":[{"href":"https:\/\/anexioncr.com\/index.php\/wp-json\/wp\/v2\/posts"}],"about":[{"href":"https:\/\/anexioncr.com\/index.php\/wp-json\/wp\/v2\/types\/post"}],"author":[{"embeddable":true,"href":"https:\/\/anexioncr.com\/index.php\/wp-json\/wp\/v2\/users\/1"}],"replies":[{"embeddable":true,"href":"https:\/\/anexioncr.com\/index.php\/wp-json\/wp\/v2\/comments?post=2544"}],"version-history":[{"count":1,"href":"https:\/\/anexioncr.com\/index.php\/wp-json\/wp\/v2\/posts\/2544\/revisions"}],"predecessor-version":[{"id":2545,"href":"https:\/\/anexioncr.com\/index.php\/wp-json\/wp\/v2\/posts\/2544\/revisions\/2545"}],"wp:featuredmedia":[{"embeddable":true,"href":"https:\/\/anexioncr.com\/index.php\/wp-json\/wp\/v2\/media\/1867"}],"wp:attachment":[{"href":"https:\/\/anexioncr.com\/index.php\/wp-json\/wp\/v2\/media?parent=2544"}],"wp:term":[{"taxonomy":"category","embeddable":true,"href":"https:\/\/anexioncr.com\/index.php\/wp-json\/wp\/v2\/categories?post=2544"},{"taxonomy":"post_tag","embeddable":true,"href":"https:\/\/anexioncr.com\/index.php\/wp-json\/wp\/v2\/tags?post=2544"}],"curies":[{"name":"wp","href":"https:\/\/api.w.org\/{rel}","templated":true}]}}