{"id":2405,"date":"2024-04-24T08:53:58","date_gmt":"2024-04-24T14:53:58","guid":{"rendered":"https:\/\/anexioncr.com\/?p=2405"},"modified":"2024-04-24T10:31:53","modified_gmt":"2024-04-24T16:31:53","slug":"escolares-de-liberia-curridabat-y-grecia-ganan-cuarta-edicion-del-concurso-cuentos-de-mi-escuela","status":"publish","type":"post","link":"https:\/\/anexioncr.com\/index.php\/2024\/04\/24\/escolares-de-liberia-curridabat-y-grecia-ganan-cuarta-edicion-del-concurso-cuentos-de-mi-escuela\/","title":{"rendered":"Escolares de Liberia, Curridabat y Grecia ganan cuarta edici\u00f3n del concurso \u201cCuentos de mi escuela\u201d"},"content":{"rendered":"<ul type=\"disc\">\n<li><span lang=\"ES\">Concurso recibi\u00f3 387 relatos sobre \u201cGuanacaste y sus tradiciones\u201d, en el marco del Bicentenario de la Anexi\u00f3n del Partido de Nicoya a Costa Rica<\/span><\/li>\n<li><span lang=\"ES\">Certamen premia la creatividad y la imaginaci\u00f3n entre escolares costarricenses<\/span><\/li>\n<\/ul>\n<p>&nbsp;<\/p>\n<p><span lang=\"ES\">La organizaci\u00f3n educativa \u201cCarretica Cuentera\u201d en alianza con el Ministerio de Cultura y Juventud, el Patronato Nacional de la Infancia (PANI) y el Ministerio de Educaci\u00f3n P\u00fablica (MEP) se complacen en anunciar los ganadores de la cuarta edici\u00f3n del certamen \u201cCuentos de mi <\/span><span lang=\"ES\">Escuela\u201d. Este a\u00f1o, el tema fue \u201cGuanacaste y sus tradiciones\u201d y la competencia atrajo 387 participaciones de escolares de todo el pa\u00eds, quienes desde el 13 de marzo hasta el 8 de abril compartieron sus narrativas encantadoras y llenas del colorido cultural sobre la provincia de Guanacaste.<\/span><\/p>\n<p><span lang=\"ES\">\u00a0<\/span><\/p>\n<p><span lang=\"ES\">En esta ocasi\u00f3n, el\u00a0<b>primer lugar fue otorgado a Iveth Stacey Jim\u00e9nez Vallejos<\/b>, estudiante de cuarto grado de la Escuela Ca\u00f1as Dulces, de Liberia, por su obra \u201cUn sue\u00f1o pintorescamente guanacasteco\u201d, que relata la conexi\u00f3n entre las tradiciones y la modernidad a trav\u00e9s de los ojos de Minichepe y los recuerdos de su abuelo. Este cuento no solo destaca por su riqueza en an\u00e9cdotas locales, sino que tambi\u00e9n sirve como un puente entre generaciones, celebrando la herencia cultural de Guanacaste.<\/span><\/p>\n<p><span lang=\"ES\">\u00a0<\/span><\/p>\n<p><span lang=\"ES\">\u201cFelicitamos a todas las ni\u00f1as y los ni\u00f1os participantes por su dedicaci\u00f3n y creatividad, que contribuyen significativamente al enriquecimiento de nuestro patrimonio cultural. A trav\u00e9s de la escritura creativa de estos 387 relatos que recibimos, las tradiciones de Guanacaste contin\u00faan vivas y son una fuente <\/span><span lang=\"ES\">de inspiraci\u00f3n para la comunidad educativa\u201d, expres\u00f3 Alberto Barrantes, director de \u201cCarretica Cuentera\u201d.<\/span><\/p>\n<p><span lang=\"ES\">\u00a0<\/span><\/p>\n<p><span lang=\"ES\">El\u00a0<b>segundo lugar del concurso lo obtuvo Mari\u00e9 Romero Guerra<\/b>, de quinto grado de la Escuela Cipreses de Curridabat. La ni\u00f1a cautiv\u00f3 al jurado con \u201cEl tesoro de las tradiciones en Guanacaste\u201d, una historia que sigue a Ana en la b\u00fasqueda de un tesoro que resulta ser un cofre lleno de s\u00edmbolos de la cultura guanacasteca. Este relato resalta el valor inmaterial de las tradiciones y su importancia para la identidad comunitaria.<\/span><\/p>\n<p><span lang=\"ES\">\u00a0<\/span><\/p>\n<p><span lang=\"ES\">Finalmente, el\u00a0<b>tercer lugar fue para Santiago Ugarte Mora<\/b>, estudiante de cuarto grado de la Escuela Alfredo G\u00f3mez Zamora, de Grecia, con \u201cSanti, el santacruce\u00f1o\u201d, una narrativa que combina la aventura personal con la celebraci\u00f3n de las festividades y tradiciones guanacastecas.<\/span><\/p>\n<p><span lang=\"ES\">\u00a0<\/span><\/p>\n<p><a name=\"m_-7711885958385596130__Hlk164423616\"><\/a><span lang=\"ES\">\u201cEn el Ministerio de Cultura y Juventud nos llena de enorme gratitud formar parte del concurso \u2018Cuentos de mi escuela\u2019, y, con ello, incentivar el gusto por la lectura y la escritura en estudiantes escolares. Agradecemos y aplaudimos el destacado trabajo de Iveth, Mari\u00e9 y Santiago, los tres primeros lugares del <\/span><span lang=\"ES\">concurso; pero tambi\u00e9n celebramos el trabajo de m\u00e1s de 380 estudiantes de todo el pa\u00eds que participaron en esta edici\u00f3n dedicada a las tradiciones guanacastecas. Este concurso refleja que vivir la cultura, experimentarla, compartirla, disfrutarla y transmitirla, nos ayuda como sociedad a crecer como pa\u00eds, porque solo involucrando a las nuevas generaciones en los procesos culturales podemos conservar aquellos elementos que nos dan identidad\u201d, expres\u00f3 Nayuribe Guadamuz Rosales, ministra de Cultura y Juventud.<\/span><\/p>\n<p><span lang=\"ES\">\u00a0<\/span><\/p>\n<p><span lang=\"ES\">La presidenta ejecutiva del Patronato Nacional de la Infancia, Kennly Garza S\u00e1nchez indic\u00f3: \u201cAplaudo esta iniciativa que, no solo hace realidad el derecho de los ni\u00f1os, ni\u00f1as y adolescentes a la participaci\u00f3n y ser tomados en cuenta en las decisiones que les conciernen, sino que permite que con los cuentos se desarrolle su imaginaci\u00f3n, su creatividad, se construyan y compartan valores, sus capacidades de lectura y escritura, su confianza, su vinculaci\u00f3n con sus iguales y muchos otros elementos que contribuyen a su desarrollo integral\u201d.\u00a0<\/span><\/p>\n<p><span lang=\"ES\">\u00a0<\/span><\/p>\n<p><span lang=\"ES\">Para la ministra de Educaci\u00f3n, Anna Katharina M\u00fcller Castro, este tipo de actividades contribuyen con la formaci\u00f3n integral de nuestro estudiantado: \u201cEsta actividad es fundamental en la construcci\u00f3n de los ciudadanos que la sociedad costarricense necesita. En el marco del curso lectivo 2024, cuyo lema es \u201cLeer y escribir: el primer paso para transformar vidas\u201d, impulsamos esta competencia como base de todos los dem\u00e1s aprendizajes. Cuando logramos comprender lo que leemos y expresar correctamente nuestras ideas por escrito tenemos mayores posibilidades de \u00e9xito en el estudio, en el trabajo y de forma integral en nuestra vida\u201d.<\/span><\/p>\n<p><span lang=\"ES\">\u00a0<\/span><\/p>\n<p><span lang=\"ES\">El concurso \u201cCuentos de mi escuela\u201d es una iniciativa cuyo prop\u00f3sito es incentivar el gusto por la escritura y la lectura entre escolares costarricenses, en el marco de las celebraciones del D\u00eda Internacional del Libro, cada 23 de abril. Este a\u00f1o, la tem\u00e1tica fue \u201cGuanacaste y sus tradiciones\u201d, debido a que el pa\u00eds celebra el 25 de julio de 2024 los 200 a\u00f1os de la Anexi\u00f3n del Partido de Nicoya a Costa Rica.<\/span><\/p>\n","protected":false},"excerpt":{"rendered":"<div class=\"mh-excerpt\"><p>Concurso recibi\u00f3 387 relatos sobre \u201cGuanacaste y sus tradiciones\u201d, en el marco del Bicentenario de la Anexi\u00f3n del Partido de Nicoya a Costa Rica Certamen premia la creatividad y la imaginaci\u00f3n entre escolares costarricenses &nbsp; <a class=\"mh-excerpt-more\" href=\"https:\/\/anexioncr.com\/index.php\/2024\/04\/24\/escolares-de-liberia-curridabat-y-grecia-ganan-cuarta-edicion-del-concurso-cuentos-de-mi-escuela\/\" title=\"Escolares de Liberia, Curridabat y Grecia ganan cuarta edici\u00f3n del concurso \u201cCuentos de mi escuela\u201d\">[&#8230;]<\/a><\/p>\n<\/div>","protected":false},"author":1,"featured_media":2406,"comment_status":"open","ping_status":"open","sticky":false,"template":"","format":"standard","meta":{"_monsterinsights_skip_tracking":false,"_monsterinsights_sitenote_active":false,"_monsterinsights_sitenote_note":"","_monsterinsights_sitenote_category":0,"_uf_show_specific_survey":0,"_uf_disable_surveys":false,"footnotes":""},"categories":[36,33],"tags":[],"class_list":{"0":"post-2405","1":"post","2":"type-post","3":"status-publish","4":"format-standard","5":"has-post-thumbnail","7":"category-destacados","8":"category-nacionales"},"_links":{"self":[{"href":"https:\/\/anexioncr.com\/index.php\/wp-json\/wp\/v2\/posts\/2405","targetHints":{"allow":["GET"]}}],"collection":[{"href":"https:\/\/anexioncr.com\/index.php\/wp-json\/wp\/v2\/posts"}],"about":[{"href":"https:\/\/anexioncr.com\/index.php\/wp-json\/wp\/v2\/types\/post"}],"author":[{"embeddable":true,"href":"https:\/\/anexioncr.com\/index.php\/wp-json\/wp\/v2\/users\/1"}],"replies":[{"embeddable":true,"href":"https:\/\/anexioncr.com\/index.php\/wp-json\/wp\/v2\/comments?post=2405"}],"version-history":[{"count":2,"href":"https:\/\/anexioncr.com\/index.php\/wp-json\/wp\/v2\/posts\/2405\/revisions"}],"predecessor-version":[{"id":2408,"href":"https:\/\/anexioncr.com\/index.php\/wp-json\/wp\/v2\/posts\/2405\/revisions\/2408"}],"wp:featuredmedia":[{"embeddable":true,"href":"https:\/\/anexioncr.com\/index.php\/wp-json\/wp\/v2\/media\/2406"}],"wp:attachment":[{"href":"https:\/\/anexioncr.com\/index.php\/wp-json\/wp\/v2\/media?parent=2405"}],"wp:term":[{"taxonomy":"category","embeddable":true,"href":"https:\/\/anexioncr.com\/index.php\/wp-json\/wp\/v2\/categories?post=2405"},{"taxonomy":"post_tag","embeddable":true,"href":"https:\/\/anexioncr.com\/index.php\/wp-json\/wp\/v2\/tags?post=2405"}],"curies":[{"name":"wp","href":"https:\/\/api.w.org\/{rel}","templated":true}]}}