{"id":2393,"date":"2024-04-23T11:29:30","date_gmt":"2024-04-23T17:29:30","guid":{"rendered":"https:\/\/anexioncr.com\/?p=2393"},"modified":"2024-04-23T11:29:30","modified_gmt":"2024-04-23T17:29:30","slug":"vacunacion-contra-sarampion-rubeola-y-paperas-es-un-derecho-de-la-ninez","status":"publish","type":"post","link":"https:\/\/anexioncr.com\/index.php\/2024\/04\/23\/vacunacion-contra-sarampion-rubeola-y-paperas-es-un-derecho-de-la-ninez\/","title":{"rendered":"Vacunaci\u00f3n contra sarampi\u00f3n, rub\u00e9ola y paperas es un derecho de la ni\u00f1ez"},"content":{"rendered":"<ul>\n<li>Busca cubrir al 100% de la poblaci\u00f3n entre los 15 meses y menores 10 a\u00f1os.<\/li>\n<li>Aplicaci\u00f3n se encuentra amparada por la Ley General de Salud.<\/li>\n<\/ul>\n<p>&nbsp;<\/p>\n<p>El Ministerio de Salud (MS), la Caja Costarricense de Seguro Social (CCSS), el Ministerio de Educaci\u00f3n P\u00fablica (MEP) y el Patronato Nacional de la Infancia (PANI) resaltan la importancia de la vacunaci\u00f3n contra sarampi\u00f3n, rub\u00e9ola y paperas, en defensa del derecho a la salud de la ni\u00f1ez.<\/p>\n<p>Es necesario que las personas desde los 15 meses y menores 10 a\u00f1os cuenten con su vacuna al d\u00eda para protegerlos, el resultado esperado es vacunar al 100% de esta poblaci\u00f3n. Para esto, el pa\u00eds dispuso de 560 000 dosis de la vacuna que requirieron de una inversi\u00f3n de $2 131 490,63.<\/p>\n<p>La Ministra de Salud Mary Munive Angerm\u00fcller resalt\u00f3 este trabajo interinstitucional:\u00a0<i>\u201cHemos articulado esfuerzos para proteger a toda la poblaci\u00f3n por medio de la vacunaci\u00f3n y as\u00ed evitar enfermedades severas que incluso podr\u00edan llevar muertes prevenibles, ratificamos nuestro compromiso con la ni\u00f1ez y la defensa de su derecho a la salud\u201d.<\/i><\/p>\n<p>Personal de salud est\u00e1 visitando tanto centros educativos p\u00fablicos como privados como parte de esta jornada de vacunaci\u00f3n, que inici\u00f3 en el mes de abril y continuar\u00e1, de ser necesario, hasta junio.<\/p>\n<p>La ministra de Educaci\u00f3n Anna Katharina M\u00fcller Castro, destac\u00f3 el esfuerzo que se realiza para alcanzar a la totalidad de la poblaci\u00f3n que lo requiere:\u00a0<i>\u201cComo parte de la articulaci\u00f3n interinstitucional, el MEP facilita la visita del personal de salud a los centros educativos para que los padres de familia o encargados no tengan que trasladarse a los diferentes centros de salud para vacunarlos, evitando generar gastos de traslados, permisos laborales, complicaciones en el cuido de adultos mayores\u201d.<\/i><\/p>\n<p>La presidenta ejecutiva de la Caja Costarricense de Seguro Social, Marta Eugenia Esquivel Rodr\u00edguez, reafirm\u00f3 el compromiso con la protecci\u00f3n de la salud de la ni\u00f1ez mediante la prevenci\u00f3n de enfermedades altamente contagiosas:\u00a0<i>\u201cLa actual campa\u00f1a busca garantizar el derecho fundamental a la salud de los ni\u00f1os, la instituci\u00f3n mantiene equipos vacunadores en todas las \u00e1reas de salud del pa\u00eds quienes est\u00e1n laborando, incluso, en horarios extraordinarios y los fines de semana. Insto a todas las familias y comunidades a participar activamente en esta campa\u00f1a de vacunaci\u00f3n, confiando en la seguridad y efectividad de las vacunas que ofrecemos, juntos podemos asegurar un futuro m\u00e1s saludable y seguro\u201d,<\/i>\u00a0coment\u00f3.<\/p>\n<p>El sarampi\u00f3n, la rub\u00e9ola y las paperas son enfermedades causadas por diferentes virus muy contagiosos (m\u00e1s que influenza y covid) y se transmiten f\u00e1cilmente al toser, estornudar o hablar.<\/p>\n<p>En Costa Rica, el Esquema B\u00e1sico Oficial de vacunaci\u00f3n es obligatorio, como lo indica el Reglamento a la Ley Nacional de Vacunaci\u00f3n N\u00b032722, por tratarse de enfermedades que pueden causar complicaciones graves como: encefalitis (inflamaci\u00f3n en el cerebro), otitis (infecci\u00f3n en el o\u00eddo), neumon\u00eda (infecci\u00f3n en los pulmones), diarreas severas, alteraci\u00f3n en la coagulaci\u00f3n de la sangre, esterilidad, ceguera y muerte.<\/p>\n<p>El Patronado Nacional de la Infancia (PANI) vela por los derechos de la ni\u00f1ez, en este caso, su derecho a la vacunaci\u00f3n como estrategia de prevenci\u00f3n de enfermedades. Cuando existe renuencia, el PANI interviene para asegurar el derecho de la ni\u00f1ez a protegerse por medio de la inmunizaci\u00f3n.<\/p>\n<p>Kennly Garza S\u00e1nchez, presidenta ejecutiva del PANI, hace un llamado a los padres, madres o representantes legales a que se sumen a la campa\u00f1a: \u201cComo ente rector en materia de ni\u00f1ez y adolescencia debemos garantizar el derecho a la salud y a la vida de todos los ni\u00f1os y ni\u00f1as en resguardo del principio de su inter\u00e9s superior\u201d.<\/p>\n<p>El incumplimiento de la vacunaci\u00f3n y de las medidas dictadas por el Ministerio de Salud podr\u00edan ser consideradas una forma de negligencia o descuido, que es cuando las necesidades f\u00edsicas y emocionales b\u00e1sicas de las personas menores de edad (alimentaci\u00f3n, vestido, higiene, protecci\u00f3n y vigilancia en las situaciones potencialmente peligrosas, educaci\u00f3n y\/o cuidados m\u00e9dicos) no son atendidas temporal o permanentemente.<\/p>\n<p>Es parte de la responsabilidad de los padres, madres o encargados velar por la seguridad sanitaria y el derecho a la salud de los ni\u00f1os, ni\u00f1as y adolescentes. Cuando esta responsabilidad no se cumple, el PANI est\u00e1 facultado legalmente para intervenir desde cada una de sus oficinas y garantizar la salud de las personas menores de edad.<\/p>\n<p>Las campa\u00f1as de vacunaci\u00f3n se realizan como parte de la vigilancia de las enfermedades cuando se determina que hay un incremento de ni\u00f1os y ni\u00f1as en riesgo de enfermarse y morir, por no contar con los esquemas completos de vacunas.<\/p>\n<p>Es importante recordar que la estrategia de vacunaci\u00f3n en escuelas se utiliza desde hace muchos a\u00f1os para colocar otras vacunas y est\u00e1 aprobada por la Comisi\u00f3n Nacional de Vacunaci\u00f3n y Epidemiolog\u00eda.<\/p>\n","protected":false},"excerpt":{"rendered":"<div class=\"mh-excerpt\"><p>Busca cubrir al 100% de la poblaci\u00f3n entre los 15 meses y menores 10 a\u00f1os. Aplicaci\u00f3n se encuentra amparada por la Ley General de Salud. &nbsp; El Ministerio de Salud (MS), la Caja Costarricense de <a class=\"mh-excerpt-more\" href=\"https:\/\/anexioncr.com\/index.php\/2024\/04\/23\/vacunacion-contra-sarampion-rubeola-y-paperas-es-un-derecho-de-la-ninez\/\" title=\"Vacunaci\u00f3n contra sarampi\u00f3n, rub\u00e9ola y paperas es un derecho de la ni\u00f1ez\">[&#8230;]<\/a><\/p>\n<\/div>","protected":false},"author":1,"featured_media":709,"comment_status":"open","ping_status":"open","sticky":false,"template":"","format":"standard","meta":{"_monsterinsights_skip_tracking":false,"_monsterinsights_sitenote_active":false,"_monsterinsights_sitenote_note":"","_monsterinsights_sitenote_category":0,"_uf_show_specific_survey":0,"_uf_disable_surveys":false,"footnotes":""},"categories":[33],"tags":[],"class_list":{"0":"post-2393","1":"post","2":"type-post","3":"status-publish","4":"format-standard","5":"has-post-thumbnail","7":"category-nacionales"},"_links":{"self":[{"href":"https:\/\/anexioncr.com\/index.php\/wp-json\/wp\/v2\/posts\/2393","targetHints":{"allow":["GET"]}}],"collection":[{"href":"https:\/\/anexioncr.com\/index.php\/wp-json\/wp\/v2\/posts"}],"about":[{"href":"https:\/\/anexioncr.com\/index.php\/wp-json\/wp\/v2\/types\/post"}],"author":[{"embeddable":true,"href":"https:\/\/anexioncr.com\/index.php\/wp-json\/wp\/v2\/users\/1"}],"replies":[{"embeddable":true,"href":"https:\/\/anexioncr.com\/index.php\/wp-json\/wp\/v2\/comments?post=2393"}],"version-history":[{"count":1,"href":"https:\/\/anexioncr.com\/index.php\/wp-json\/wp\/v2\/posts\/2393\/revisions"}],"predecessor-version":[{"id":2394,"href":"https:\/\/anexioncr.com\/index.php\/wp-json\/wp\/v2\/posts\/2393\/revisions\/2394"}],"wp:featuredmedia":[{"embeddable":true,"href":"https:\/\/anexioncr.com\/index.php\/wp-json\/wp\/v2\/media\/709"}],"wp:attachment":[{"href":"https:\/\/anexioncr.com\/index.php\/wp-json\/wp\/v2\/media?parent=2393"}],"wp:term":[{"taxonomy":"category","embeddable":true,"href":"https:\/\/anexioncr.com\/index.php\/wp-json\/wp\/v2\/categories?post=2393"},{"taxonomy":"post_tag","embeddable":true,"href":"https:\/\/anexioncr.com\/index.php\/wp-json\/wp\/v2\/tags?post=2393"}],"curies":[{"name":"wp","href":"https:\/\/api.w.org\/{rel}","templated":true}]}}