{"id":2379,"date":"2024-04-11T08:52:37","date_gmt":"2024-04-11T14:52:37","guid":{"rendered":"https:\/\/anexioncr.com\/?p=2379"},"modified":"2024-04-11T08:54:32","modified_gmt":"2024-04-11T14:54:32","slug":"nuevo-proyecto-audiovisual-valorado-en-10-millones-se-grabara-en-guanacaste-este-ano","status":"publish","type":"post","link":"https:\/\/anexioncr.com\/index.php\/2024\/04\/11\/nuevo-proyecto-audiovisual-valorado-en-10-millones-se-grabara-en-guanacaste-este-ano\/","title":{"rendered":"Nuevo proyecto audiovisual valorado en $10 millones se grabar\u00e1 en Guanacaste este a\u00f1o"},"content":{"rendered":"<p>La Promotora del Comercio Exterior de Costa Rica (PROCOMER) y la Comisi\u00f3n F\u00edlmica anunciaron esta tarde que un nuevo proyecto audiovisual llegar\u00e1 al pa\u00eds. Se trata de un reality show de aventura que se grabar\u00e1 en Guanacaste y est\u00e1 valorado en $10 millones.<\/p>\n<p>Este proyecto es el primero que llega a Costa Rica bajo la Ley de Atracci\u00f3n de Inversiones F\u00edlmicas, la cual otorga beneficios como exoneraciones que incentivan la llegada de filmaciones, por ejemplo, la exoneraci\u00f3n de todo impuesto a la importaci\u00f3n temporal sobre los equipos. \u201cCon este tipo de proyectos Costa Rica tambi\u00e9n ser\u00e1 reconocida por exportar contenido. Estas producciones traer\u00e1n empleo directo e indirecto a la regi\u00f3n, encadenamientos con suplidores nacionales y, por supuesto, gran proyecci\u00f3n internacional para nuestro pa\u00eds a trav\u00e9s de la exportaci\u00f3n de este contenido\u201d, asegur\u00f3 Manuel Tovar, Ministro de Comercio Exterior.<\/p>\n<p>\u201cEn PROCOMER y la Comisi\u00f3n F\u00edlmica estamos comprometidos en impulsar la industria audiovisual de Costa Rica, convertirla en un referente internacional y hacer crecer las exportaciones de este sector. Esto a trav\u00e9s de iniciativas como las Film Friendly Zones, el impulso a la Ley de Atracci\u00f3n de Inversiones F\u00edlmicas y nuestra participaci\u00f3n en eventos y mercados audiovisuales internacionales. Este nuevo proyecto que llega al pa\u00eds es el fruto del trabajo que se hemos venido realizando en estas \u00e1reas y que, sin duda, traer\u00e1 muchas oportunidades afuera de la Gran \u00c1rea Metropolitana (GAM), en este caso para Guanacaste y sus alrededores\u201d, coment\u00f3 Laura L\u00f3pez, Gerente General de PROCOMER.<\/p>\n<p>Este proyecto marca un importante avance para Costa Rica en el mercado global de la industria cinematogr\u00e1fica, la cual genera anualmente m\u00e1s de $40,000 millones a nivel mundial. Como parte de las acciones para la promoci\u00f3n de esta industria, desde el 2021, PROCOMER y la Comisi\u00f3n F\u00edlmica han venido trabajando en el lanzamiento de seis \u201cFilm Friendly Zones\u201d en las diferentes regiones del pa\u00eds. Una \u201cFilm Friendly Zone\u201d es un modelo que designa a una regi\u00f3n atractiva y amigable para la realizaci\u00f3n de producciones audiovisuales. Es una zona econ\u00f3mica, geogr\u00e1fica o social que promueve y ayuda al sector por medio una relaci\u00f3n colaborativa entre diferentes sectores que logran atraer inversi\u00f3n audiovisual, generando encadenamientos productivos y desarrollo econ\u00f3mico a la regi\u00f3n.<\/p>\n<p>Asimismo, la Comisi\u00f3n F\u00edlmica trabaj\u00f3 en el impulso de la Ley de Atracci\u00f3n de Inversiones F\u00edlmicas. Adem\u00e1s, promueve las producciones nacionales y a Costa Rica como destino de filmaci\u00f3n en escenarios internacionales como el European Film Market de Berlinale, el March\u00e9 du Film del Festival Internacional de Cine de Cannes y el Mercado Audiovisual del Festival Internacional de Cine de Guadalajara. Seg\u00fan los registros de PROCOMER y la Comisi\u00f3n F\u00edlmica, del 2018 al 2022, se han recibido producciones por m\u00e1s de $27 millones, entre pel\u00edculas, documentales, series, reality shows, comerciales, entre otros.<\/p>\n","protected":false},"excerpt":{"rendered":"<div class=\"mh-excerpt\"><p>La Promotora del Comercio Exterior de Costa Rica (PROCOMER) y la Comisi\u00f3n F\u00edlmica anunciaron esta tarde que un nuevo proyecto audiovisual llegar\u00e1 al pa\u00eds. Se trata de un reality show de aventura que se grabar\u00e1 <a class=\"mh-excerpt-more\" href=\"https:\/\/anexioncr.com\/index.php\/2024\/04\/11\/nuevo-proyecto-audiovisual-valorado-en-10-millones-se-grabara-en-guanacaste-este-ano\/\" title=\"Nuevo proyecto audiovisual valorado en $10 millones se grabar\u00e1 en Guanacaste este a\u00f1o\">[&#8230;]<\/a><\/p>\n<\/div>","protected":false},"author":1,"featured_media":579,"comment_status":"open","ping_status":"open","sticky":false,"template":"","format":"standard","meta":{"_monsterinsights_skip_tracking":false,"_monsterinsights_sitenote_active":false,"_monsterinsights_sitenote_note":"","_monsterinsights_sitenote_category":0,"_uf_show_specific_survey":0,"_uf_disable_surveys":false,"footnotes":""},"categories":[34],"tags":[],"class_list":{"0":"post-2379","1":"post","2":"type-post","3":"status-publish","4":"format-standard","5":"has-post-thumbnail","7":"category-provincia"},"_links":{"self":[{"href":"https:\/\/anexioncr.com\/index.php\/wp-json\/wp\/v2\/posts\/2379","targetHints":{"allow":["GET"]}}],"collection":[{"href":"https:\/\/anexioncr.com\/index.php\/wp-json\/wp\/v2\/posts"}],"about":[{"href":"https:\/\/anexioncr.com\/index.php\/wp-json\/wp\/v2\/types\/post"}],"author":[{"embeddable":true,"href":"https:\/\/anexioncr.com\/index.php\/wp-json\/wp\/v2\/users\/1"}],"replies":[{"embeddable":true,"href":"https:\/\/anexioncr.com\/index.php\/wp-json\/wp\/v2\/comments?post=2379"}],"version-history":[{"count":1,"href":"https:\/\/anexioncr.com\/index.php\/wp-json\/wp\/v2\/posts\/2379\/revisions"}],"predecessor-version":[{"id":2380,"href":"https:\/\/anexioncr.com\/index.php\/wp-json\/wp\/v2\/posts\/2379\/revisions\/2380"}],"wp:featuredmedia":[{"embeddable":true,"href":"https:\/\/anexioncr.com\/index.php\/wp-json\/wp\/v2\/media\/579"}],"wp:attachment":[{"href":"https:\/\/anexioncr.com\/index.php\/wp-json\/wp\/v2\/media?parent=2379"}],"wp:term":[{"taxonomy":"category","embeddable":true,"href":"https:\/\/anexioncr.com\/index.php\/wp-json\/wp\/v2\/categories?post=2379"},{"taxonomy":"post_tag","embeddable":true,"href":"https:\/\/anexioncr.com\/index.php\/wp-json\/wp\/v2\/tags?post=2379"}],"curies":[{"name":"wp","href":"https:\/\/api.w.org\/{rel}","templated":true}]}}