{"id":2317,"date":"2024-03-25T09:21:25","date_gmt":"2024-03-25T15:21:25","guid":{"rendered":"https:\/\/anexioncr.com\/?p=2317"},"modified":"2024-03-25T09:22:35","modified_gmt":"2024-03-25T15:22:35","slug":"canas-sera-la-sede-del-certamen-de-comidas-y-bebidas-2024","status":"publish","type":"post","link":"https:\/\/anexioncr.com\/index.php\/2024\/03\/25\/canas-sera-la-sede-del-certamen-de-comidas-y-bebidas-2024\/","title":{"rendered":"Ca\u00f1as ser\u00e1 la sede del \u2018Certamen de Comidas y Bebidas\u2019 2024"},"content":{"rendered":"<p>Imagine unas rosquillas reci\u00e9n salidas del horno de barro, unas tortillitas palmeadas con picadillo de chicasquil, un dulce de pi\u00f1onate, o bien, una refrescante leche dormida. Todas esas delicias guanacastecas evocan antiguas recetas y hacen la boca agua con solo pensarlas; adem\u00e1s, rememoran las cocinas guanacastecas de anta\u00f1o, donde el aroma de los platillos se mezcla con el del humo de la le\u00f1a.<\/p>\n<p>Conocer y registrar estos y m\u00e1s tesoros de la cocina ca\u00f1era son el nuevo objetivo del Centro de Investigaci\u00f3n y Conservaci\u00f3n del Patrimonio Cultural, del Ministerio de Cultura y Juventud, mediante el certamen Comidas y Bebidas Tradicionales 2024, en el que se invita al pueblo de Ca\u00f1as a participar. Otro de los objetivos principales de este certamen bianual, es destacar el oficio de las personas que se dedican a la preparaci\u00f3n de alimentos como medio de subsistencia, ya que con esto hacen un importante aporte al patrimonio cultural inmaterial del pa\u00eds al preservar sus tradiciones; as\u00ed como a la dinamizaci\u00f3n econ\u00f3mica de la cultura y al turismo nacional.<\/p>\n<p>Premiaci\u00f3n millonaria<\/p>\n<p>Este 2024 es la celebraci\u00f3n del 200 aniversario de la Anexi\u00f3n del Partido de Nicoya a Costa Rica, por lo que se consider\u00f3 como una gran oportunidad<br \/>\npara realizar el certamen en un cant\u00f3n guanacasteco; un destino destacado por sus muchas expresiones culturales, incluida la cocina. Guanacaste es, en s\u00ed, un territorio de gran riqueza patrimonial y diversidad cultural, resultado de una historia con m\u00faltiples migraciones y poblaciones que lo habitaron y habitan actualmente.<\/p>\n<p>En esta XVII edici\u00f3n, se cuenta con \u20a118 millones de colones en premios, monto que se distribuir\u00e1 entre los 12 ganadores de cuatro categor\u00edas: Plato Fuerte, Acompa\u00f1amiento, Panes y Postres y Bebidas Tradicionales. Cada categor\u00eda premiar\u00e1 a los tres primeros lugares y cada persona podr\u00e1 participar en una \u00fanica categor\u00eda y podr\u00e1 presentar una \u00fanica receta.<\/p>\n<p>La inscripci\u00f3n inicia el 1 de abril a las 8 a.m. y cierra el 28 de junio a las 4 p.m. Contactos para participantes: Natalia Cede\u00f1o. Correo: ncedeno@ patrimonio.go.cr Tels: 2010-7400 y 2010-7445. Fabricio Espinoza y Alonso Ach\u00eda. Correo: jose.espinoza@ municanas.go.cr , tels.: 2690-4017 y 2668-6335.<\/p>\n","protected":false},"excerpt":{"rendered":"<div class=\"mh-excerpt\"><p>Imagine unas rosquillas reci\u00e9n salidas del horno de barro, unas tortillitas palmeadas con picadillo de chicasquil, un dulce de pi\u00f1onate, o bien, una refrescante leche dormida. Todas esas delicias guanacastecas evocan antiguas recetas y hacen <a class=\"mh-excerpt-more\" href=\"https:\/\/anexioncr.com\/index.php\/2024\/03\/25\/canas-sera-la-sede-del-certamen-de-comidas-y-bebidas-2024\/\" title=\"Ca\u00f1as ser\u00e1 la sede del \u2018Certamen de Comidas y Bebidas\u2019 2024\">[&#8230;]<\/a><\/p>\n<\/div>","protected":false},"author":1,"featured_media":2318,"comment_status":"open","ping_status":"open","sticky":false,"template":"","format":"standard","meta":{"_monsterinsights_skip_tracking":false,"_monsterinsights_sitenote_active":false,"_monsterinsights_sitenote_note":"","_monsterinsights_sitenote_category":0,"_uf_show_specific_survey":0,"_uf_disable_surveys":false,"footnotes":""},"categories":[36,34],"tags":[],"class_list":{"0":"post-2317","1":"post","2":"type-post","3":"status-publish","4":"format-standard","5":"has-post-thumbnail","7":"category-destacados","8":"category-provincia"},"_links":{"self":[{"href":"https:\/\/anexioncr.com\/index.php\/wp-json\/wp\/v2\/posts\/2317","targetHints":{"allow":["GET"]}}],"collection":[{"href":"https:\/\/anexioncr.com\/index.php\/wp-json\/wp\/v2\/posts"}],"about":[{"href":"https:\/\/anexioncr.com\/index.php\/wp-json\/wp\/v2\/types\/post"}],"author":[{"embeddable":true,"href":"https:\/\/anexioncr.com\/index.php\/wp-json\/wp\/v2\/users\/1"}],"replies":[{"embeddable":true,"href":"https:\/\/anexioncr.com\/index.php\/wp-json\/wp\/v2\/comments?post=2317"}],"version-history":[{"count":1,"href":"https:\/\/anexioncr.com\/index.php\/wp-json\/wp\/v2\/posts\/2317\/revisions"}],"predecessor-version":[{"id":2319,"href":"https:\/\/anexioncr.com\/index.php\/wp-json\/wp\/v2\/posts\/2317\/revisions\/2319"}],"wp:featuredmedia":[{"embeddable":true,"href":"https:\/\/anexioncr.com\/index.php\/wp-json\/wp\/v2\/media\/2318"}],"wp:attachment":[{"href":"https:\/\/anexioncr.com\/index.php\/wp-json\/wp\/v2\/media?parent=2317"}],"wp:term":[{"taxonomy":"category","embeddable":true,"href":"https:\/\/anexioncr.com\/index.php\/wp-json\/wp\/v2\/categories?post=2317"},{"taxonomy":"post_tag","embeddable":true,"href":"https:\/\/anexioncr.com\/index.php\/wp-json\/wp\/v2\/tags?post=2317"}],"curies":[{"name":"wp","href":"https:\/\/api.w.org\/{rel}","templated":true}]}}