{"id":2163,"date":"2024-02-02T13:22:23","date_gmt":"2024-02-02T19:22:23","guid":{"rendered":"https:\/\/anexioncr.com\/?p=2163"},"modified":"2024-02-02T13:22:23","modified_gmt":"2024-02-02T19:22:23","slug":"topografia-de-fondo-oceanico-sera-reconocida-como-pampa-submarina","status":"publish","type":"post","link":"https:\/\/anexioncr.com\/index.php\/2024\/02\/02\/topografia-de-fondo-oceanico-sera-reconocida-como-pampa-submarina\/","title":{"rendered":"Topograf\u00eda de fondo oce\u00e1nico ser\u00e1 reconocida como \u201cPampa Submarina\u201d"},"content":{"rendered":"<p>Como parte de una expedici\u00f3n oceanogr\u00e1fica internacional realizada en diciembre de 2023, en una regi\u00f3n de montes submarinos a unos 200 km costa afuera de la pen\u00ednsula de Nicoya, un grupo de cient\u00edficos de la Universidad Nacional (UNA) y la Universidad de Costa Rica (UCR), propusieron a la Comisi\u00f3n Nacional de Nomenclatura (CNN), oficializar el nombre de una serie de rasgos batim\u00e9tricos en esa regi\u00f3n del fondo oce\u00e1nico. Precisamente, el pasado 30 enero, dicha comisi\u00f3n aprob\u00f3 la designaci\u00f3n de esa zona del fondo oce\u00e1nico con el nombre sugerido de \u201cPampa Submarina\u201d y 12 de sus \u00a0accidentes geogr\u00e1ficos.<\/p>\n<p>En el \u00e1rea designada como \u201cPampa Submarina\u201d, en remembranza a la pampa Guanacasteca, se destacan otros 12 rasgos batim\u00e9tricos, conformados por montes, lomas y colinas submarinas que a partir de ahora se conocer\u00e1n con los nombres de: \u201cMonte Submarino Tengosed\u201d, \u201cLoma El Dorado\u201d, \u201cLoma Fuente\u201d, \u201cColina Mambo Kita\u201d, \u201cLoma Caballito\u201d, \u201cColina La Pulper\u00eda\u201d, \u201cLoma Rosquilla\u201d, \u201cLoma Natu\u201d, \u201cColinas Xolotl\u201d, \u201cColina Nitore\u201d, \u201cLoma Kapo\u201d y \u201cColina Perdido\u201d.<\/p>\n<p>Seg\u00fan los expertos, en la medida de lo posible se utilizaron nombres con palabras provenientes de la lengua chorotega y una n\u00e1huatl ; en esos casos, la pronunciaci\u00f3n fon\u00e9tica se presenta entre par\u00e9ntesis al lado de la forma escrita. A la propuesta de denominaci\u00f3n se adjunt\u00f3 la ubicaci\u00f3n geogr\u00e1fica, as\u00ed como un resumen de las caracter\u00edsticas fisiogr\u00e1ficas.<\/p>\n<p>La inscripci\u00f3n formal de nombres para rasgos batim\u00e9tricos en la planicie abisal, ubicada entre 40 millas n\u00e1uticas (MN) al SW de la pen\u00ednsula de Nicoya y hasta el l\u00edmite exterior de las 200 MN de la Zona Econ\u00f3mica Exclusiva de Costa Rica, incluye accidentes geogr\u00e1ficos submarinos que se encuentran entre los 1900 y 3900 m de profundidad. Es ah\u00ed en donde se han desarrollado exploraciones e investigaciones oceanogr\u00e1ficas, biol\u00f3gicas, geol\u00f3gicas y geof\u00edsicas.<\/p>\n<p><strong>Costa Rica desconocida<\/strong><\/p>\n<p>La idea para solicitar el bautizo de los montes, lomas y colinas submarinas, fue impulsada por Jorge Cort\u00e9s, investigador del Centro de Investigaci\u00f3n en Ciencias del Mar y Limnolog\u00eda (Cimar-UCR) en el marco de la campa\u00f1a \u201cCosta Rica desconocida\u201d y respalda por varios cient\u00edficos m\u00e1s que participaron en la expedici\u00f3n submarina, entre ellos, Marino Protti, sism\u00f3logo del Observatorio Vulcanol\u00f3gico y Sismol\u00f3gico (OVSICORI-UNA).<\/p>\n<p>Protti, investigador de Ovsicori-UNA, detall\u00f3 que muchos de los cerros y colinas exploradas no ten\u00edan nombre, por lo que los 11 investigadores costarricenses que participaron en la exploraci\u00f3n submarina analizaron la posibilidad de someter ante la CNN la propuesta para la designaci\u00f3n de los nombres oficiales. \u201cTratamos de respetar algunos nombres que ya estaban contemplados en la literatura cient\u00edfica, que aunque no eran oficiales, se justificaron y propusimos otros en lenguaje chorotega, basados en las formas que tienen estas lomas o colinas submarinas\u201d, explic\u00f3 Protti.<\/p>\n<p>Cort\u00e9s, investigador del Cimar-UCR destac\u00f3 que resulta gratificante ubicar esa zona submarina con sus nombres. \u201cEs como cuando se observa en las monta\u00f1as un mont\u00f3n de colinas sin nombre, pero al ser designadas con un nombre uno se identifica m\u00e1s\u201d, coment\u00f3 el investigador.<\/p>\n<p>Agreg\u00f3 que en esta exploraci\u00f3n se abordaron diversas \u00e1reas de estudio como la biodiversidad, investigaciones en pulpos, equinodermos, esponjas, corales negros, muestras de sedimentos para an\u00e1lisis de hongos y microorganismos, as\u00ed como muestras de sedimento para estudiar la mineralog\u00eda, entre otros.<\/p>\n<p>&nbsp;<\/p>\n","protected":false},"excerpt":{"rendered":"<div class=\"mh-excerpt\"><p>Como parte de una expedici\u00f3n oceanogr\u00e1fica internacional realizada en diciembre de 2023, en una regi\u00f3n de montes submarinos a unos 200 km costa afuera de la pen\u00ednsula de Nicoya, un grupo de cient\u00edficos de la <a class=\"mh-excerpt-more\" href=\"https:\/\/anexioncr.com\/index.php\/2024\/02\/02\/topografia-de-fondo-oceanico-sera-reconocida-como-pampa-submarina\/\" title=\"Topograf\u00eda de fondo oce\u00e1nico ser\u00e1 reconocida como \u201cPampa Submarina\u201d\">[&#8230;]<\/a><\/p>\n<\/div>","protected":false},"author":1,"featured_media":2164,"comment_status":"open","ping_status":"open","sticky":false,"template":"","format":"standard","meta":{"_monsterinsights_skip_tracking":false,"_monsterinsights_sitenote_active":false,"_monsterinsights_sitenote_note":"","_monsterinsights_sitenote_category":0,"_uf_show_specific_survey":0,"_uf_disable_surveys":false,"footnotes":""},"categories":[33],"tags":[],"class_list":{"0":"post-2163","1":"post","2":"type-post","3":"status-publish","4":"format-standard","5":"has-post-thumbnail","7":"category-nacionales"},"_links":{"self":[{"href":"https:\/\/anexioncr.com\/index.php\/wp-json\/wp\/v2\/posts\/2163","targetHints":{"allow":["GET"]}}],"collection":[{"href":"https:\/\/anexioncr.com\/index.php\/wp-json\/wp\/v2\/posts"}],"about":[{"href":"https:\/\/anexioncr.com\/index.php\/wp-json\/wp\/v2\/types\/post"}],"author":[{"embeddable":true,"href":"https:\/\/anexioncr.com\/index.php\/wp-json\/wp\/v2\/users\/1"}],"replies":[{"embeddable":true,"href":"https:\/\/anexioncr.com\/index.php\/wp-json\/wp\/v2\/comments?post=2163"}],"version-history":[{"count":1,"href":"https:\/\/anexioncr.com\/index.php\/wp-json\/wp\/v2\/posts\/2163\/revisions"}],"predecessor-version":[{"id":2165,"href":"https:\/\/anexioncr.com\/index.php\/wp-json\/wp\/v2\/posts\/2163\/revisions\/2165"}],"wp:featuredmedia":[{"embeddable":true,"href":"https:\/\/anexioncr.com\/index.php\/wp-json\/wp\/v2\/media\/2164"}],"wp:attachment":[{"href":"https:\/\/anexioncr.com\/index.php\/wp-json\/wp\/v2\/media?parent=2163"}],"wp:term":[{"taxonomy":"category","embeddable":true,"href":"https:\/\/anexioncr.com\/index.php\/wp-json\/wp\/v2\/categories?post=2163"},{"taxonomy":"post_tag","embeddable":true,"href":"https:\/\/anexioncr.com\/index.php\/wp-json\/wp\/v2\/tags?post=2163"}],"curies":[{"name":"wp","href":"https:\/\/api.w.org\/{rel}","templated":true}]}}