{"id":2154,"date":"2024-02-01T08:40:23","date_gmt":"2024-02-01T14:40:23","guid":{"rendered":"https:\/\/anexioncr.com\/?p=2154"},"modified":"2024-02-01T08:40:23","modified_gmt":"2024-02-01T14:40:23","slug":"gobierno-emite-directriz-para-mitigar-el-impacto-del-fenomeno-de-el-nino-en-sistema-electrico-nacional","status":"publish","type":"post","link":"https:\/\/anexioncr.com\/index.php\/2024\/02\/01\/gobierno-emite-directriz-para-mitigar-el-impacto-del-fenomeno-de-el-nino-en-sistema-electrico-nacional\/","title":{"rendered":"Gobierno emite directriz para mitigar el impacto del fen\u00f3meno de El Ni\u00f1o en sistema el\u00e9ctrico nacional"},"content":{"rendered":"<p>\u2022 Impacto del Fen\u00f3meno de El Ni\u00f1o obligar\u00e1 a todas las empresas distribuidoras de electricidad a tomar medidas<br \/>\n\u2022 Se insta a la ARESEP a establecer mecanismos tarifarios para la implementaci\u00f3n de tarifas el\u00e9ctricas horarias residenciales<\/p>\n<p>El gobierno de la Rep\u00fablica emiti\u00f3 de manera previsoria la Directriz 031-MINAE para mitigar el impacto del Fen\u00f3meno de el Ni\u00f1o en el Sistema El\u00e9ctrico Nacional, la cual busca minimizar la necesidad de generar electricidad con las plantas t\u00e9rmicas de respaldo y as\u00ed reducir al m\u00e1ximo el impacto de este fen\u00f3meno en las tarifas el\u00e9ctricas y en las emisiones causantes del cambio clim\u00e1tico. Seg\u00fan explic\u00f3 el presidente de la Rep\u00fablica, Rodrigo Chaves, esta medida se toma en beneficio del planeta y de la ciudadan\u00eda.<\/p>\n<p>\u201cActuamos una vez m\u00e1s con base en el criterio cient\u00edfico del Instituto Meteorol\u00f3gico Nacional (INM), quienes en reiteradas ocasiones han alertado de la disminuci\u00f3n en el porcentaje de lluvias en algunas regiones del pa\u00eds, y que nos enfrentamos a una sequ\u00eda meteorol\u00f3gica\u201d. Seg\u00fan detall\u00f3 Franz Tattenbach, ministro de Ambiente y Energ\u00eda, se prev\u00e9 que la fase El Ni\u00f1o del fen\u00f3meno ENOS se prolongar\u00e1 hasta marzo del 2024; situaci\u00f3n que afecta la demanda de electricidad generada a partir de fuente h\u00eddrica.<\/p>\n<p>Por medio de la Directriz 031-MINAE, se faculta e insta a la ARESEP a que establezca los mecanismos necesarios para implementar tarifas el\u00e9ctricas horarias residenciales, aplicable a todas las distribuidoras, que beneficie e incentive a los hogares, a trasladar parte del consumo en horas de mayor demanda, a horas con menor demanda y mejores precios.<\/p>\n<p>Se insta a las empresas distribuidoras a: 1) Trasladar las demandas m\u00e1ximas de electricidad durante el periodo de alto consumo a per\u00edodos nocturnos para reducir la generaci\u00f3n t\u00e9rmica. 2) Aportar informaci\u00f3n y proponer nuevos esquemas tarifarios a la ARESEP para apoyarla en el cumplimiento de estas disposiciones. 3) Promover campa\u00f1as de ahorro y eficiencia energ\u00e9tica para disminuir la<br \/>\ndemanda durante los periodos pico. 4) Implementar esquemas para desplazar carga por demanda \u201cinterrumpible\u201d enfocado a los grandes consumidores.<\/p>\n<p>Se declara de inter\u00e9s p\u00fablico: 1) La construcci\u00f3n y puesta en marcha de los proyectos de generaci\u00f3n de electricidad a base de fuentes renovables que se encuentren en etapa de planificaci\u00f3n o construcci\u00f3n al momento de publicar la presente directriz. 2) El desarrollo de proyectos de generaci\u00f3n que se pueden implementar bajo la Ley que Autoriza la Generaci\u00f3n El\u00e9ctrica Aut\u00f3noma o Paralela y 3) La Ley de Fortalecimiento y Modernizaci\u00f3n de las Entidades P\u00fablicas del Sector Telecomunicaciones, que otorga al ICE y a la Compa\u00f1\u00eda Nacional de Fuerza y Luz, la facultad para que potencien el desarrollo de esquemas de asociaci\u00f3n empresarial para proyectos de generaci\u00f3n.<\/p>\n<p>Se instruye al ICE para que se d\u00e9 prioridad a los procesos de interconexi\u00f3n al Sistema El\u00e9ctrico Nacional (SEN) de los proyectos con fuentes renovables que sean desarrollados al amparo de esta directriz. Por otro lado, los proyectos con inyecci\u00f3n a nivel de la Red de Distribuci\u00f3n, \u00fanicamente requerir\u00e1n estudios de interconexi\u00f3n a nivel de Distribuci\u00f3n. Se le solicita al ICE seguir usando los intercambios de energ\u00eda en el Mercado El\u00e9ctrico Regional para optimizar el uso de los recursos del sistema. Se insta al ICE a determinar el plazo y la dimensi\u00f3n requerida para adicionar capacidad de generaci\u00f3n al Sistema El\u00e9ctrico Nacional (SEN) y justificar la necesidad de los nuevos activos productivos de electricidad y el impacto en las tarifas el\u00e9ctricas productivos de electricidad. Para esto, todas las empresas distribuidoras deber\u00e1n entregar la informaci\u00f3n de demanda proyectada y proyectos de generaci\u00f3n, con el fin de integrarlos a la planificaci\u00f3n que realiza el ICE.<\/p>\n<p>Se instruye a todas las Empresas Distribuidoras de electricidad para que contraten energ\u00eda proveniente de la biomasa residual de procesos agroindustriales; siempre que se demuestre el beneficio econ\u00f3mico de dicha generaci\u00f3n. Se insta a ARESEP para que actualice las metodolog\u00edas tarifarias en un plazo m\u00e1ximo de tres meses con la finalidad de habilitar el reconocimiento de los elementos necesarios para este tipo de fuente de energ\u00eda. Por otro lado, a valorar la contrataci\u00f3n de energ\u00eda proveniente de la generaci\u00f3n con residuos s\u00f3lidos municipales; siempre que se cumplan con las condiciones establecidas. Adem\u00e1s, de que actualice las metodolog\u00edas para la determinaci\u00f3n de tarifas de referencia para plantas de generaci\u00f3n el\u00e9ctrica con residuos s\u00f3lidos municipales (RSM).<\/p>\n<p>Se solicita a todas las empresas distribuidoras de Energ\u00eda que habiliten los mecanismos para comprar los excedentes de energ\u00eda de Generaci\u00f3n Distribuida y la compra de excedentes entre empresas Distribuidoras establecidos en la Ley de Fortalecimiento y Modernizaci\u00f3n de las Entidades P\u00fablicas del Sector Telecomunicaciones. Y a la ARESEP, facilitar el desarrollo y reconocimiento tarifario de las compras de excedentes de energ\u00eda indicadas seg\u00fan las tarifas ya existentes.<\/p>\n","protected":false},"excerpt":{"rendered":"<div class=\"mh-excerpt\"><p>\u2022 Impacto del Fen\u00f3meno de El Ni\u00f1o obligar\u00e1 a todas las empresas distribuidoras de electricidad a tomar medidas \u2022 Se insta a la ARESEP a establecer mecanismos tarifarios para la implementaci\u00f3n de tarifas el\u00e9ctricas horarias <a class=\"mh-excerpt-more\" href=\"https:\/\/anexioncr.com\/index.php\/2024\/02\/01\/gobierno-emite-directriz-para-mitigar-el-impacto-del-fenomeno-de-el-nino-en-sistema-electrico-nacional\/\" title=\"Gobierno emite directriz para mitigar el impacto del fen\u00f3meno de El Ni\u00f1o en sistema el\u00e9ctrico nacional\">[&#8230;]<\/a><\/p>\n<\/div>","protected":false},"author":1,"featured_media":2155,"comment_status":"open","ping_status":"open","sticky":false,"template":"","format":"standard","meta":{"_monsterinsights_skip_tracking":false,"_monsterinsights_sitenote_active":false,"_monsterinsights_sitenote_note":"","_monsterinsights_sitenote_category":0,"_uf_show_specific_survey":0,"_uf_disable_surveys":false,"footnotes":""},"categories":[36,33],"tags":[],"class_list":{"0":"post-2154","1":"post","2":"type-post","3":"status-publish","4":"format-standard","5":"has-post-thumbnail","7":"category-destacados","8":"category-nacionales"},"_links":{"self":[{"href":"https:\/\/anexioncr.com\/index.php\/wp-json\/wp\/v2\/posts\/2154","targetHints":{"allow":["GET"]}}],"collection":[{"href":"https:\/\/anexioncr.com\/index.php\/wp-json\/wp\/v2\/posts"}],"about":[{"href":"https:\/\/anexioncr.com\/index.php\/wp-json\/wp\/v2\/types\/post"}],"author":[{"embeddable":true,"href":"https:\/\/anexioncr.com\/index.php\/wp-json\/wp\/v2\/users\/1"}],"replies":[{"embeddable":true,"href":"https:\/\/anexioncr.com\/index.php\/wp-json\/wp\/v2\/comments?post=2154"}],"version-history":[{"count":1,"href":"https:\/\/anexioncr.com\/index.php\/wp-json\/wp\/v2\/posts\/2154\/revisions"}],"predecessor-version":[{"id":2156,"href":"https:\/\/anexioncr.com\/index.php\/wp-json\/wp\/v2\/posts\/2154\/revisions\/2156"}],"wp:featuredmedia":[{"embeddable":true,"href":"https:\/\/anexioncr.com\/index.php\/wp-json\/wp\/v2\/media\/2155"}],"wp:attachment":[{"href":"https:\/\/anexioncr.com\/index.php\/wp-json\/wp\/v2\/media?parent=2154"}],"wp:term":[{"taxonomy":"category","embeddable":true,"href":"https:\/\/anexioncr.com\/index.php\/wp-json\/wp\/v2\/categories?post=2154"},{"taxonomy":"post_tag","embeddable":true,"href":"https:\/\/anexioncr.com\/index.php\/wp-json\/wp\/v2\/tags?post=2154"}],"curies":[{"name":"wp","href":"https:\/\/api.w.org\/{rel}","templated":true}]}}