{"id":2102,"date":"2023-12-18T13:49:43","date_gmt":"2023-12-18T19:49:43","guid":{"rendered":"https:\/\/anexioncr.com\/?p=2102"},"modified":"2023-12-18T13:49:43","modified_gmt":"2023-12-18T19:49:43","slug":"el-bolero-declarado-por-la-unesco-patrimonio-inmaterial","status":"publish","type":"post","link":"https:\/\/anexioncr.com\/index.php\/2023\/12\/18\/el-bolero-declarado-por-la-unesco-patrimonio-inmaterial\/","title":{"rendered":"El bolero, declarado por la Unesco patrimonio inmaterial"},"content":{"rendered":"<p>El g\u00e9nero rom\u00e1ntico, que naci\u00f3 en Cuba y se enriqueci\u00f3 en M\u00e9xico, fue destacado por su \u201cidentidad, emoci\u00f3n y poes\u00eda en el canto\u201d. El bolero de Cuba y M\u00e9xico, considerado el g\u00e9nero de la m\u00fasica rom\u00e1ntica y la poes\u00eda por excelencia, fue declarado patrimonio inmaterial de la humanidad por la Unesco.<\/p>\n<p>\u201cNueva inscripci\u00f3n en la Lista del Patrimonio Inmaterial: El bolero: identidad, emoci\u00f3n y poes\u00eda en el canto, en Cuba y M\u00e9xico. \u00a1felicidades!\u201d, dijo la Unesco en su cuenta de X, antes Twitter. Este g\u00e9nero \u201ctiene el extraordinario poder de decir de manera hermosa, bella, lo que llevamos en el coraz\u00f3n\u201d, dijo la ministra de Cultura de M\u00e9xico, Alejandra Frausto, en un video difundido en X.<\/p>\n<p>El bolero naci\u00f3 en Cuba a finales del siglo XIX con la pieza \u201cTristezas\u201d de Pepe S\u00e1nchez. La funcionaria mexicana reconoci\u00f3 a los artistas cubanos como los creadores del bolero, \u201cque cumple su mayor\u00eda de edad en M\u00e9xico\u201d. Cuba y M\u00e9xico defendieron conjuntamente la candidatura del bolero como \u201cidentidad, emoci\u00f3n y poes\u00eda hechas canci\u00f3n\u201d, que supone \u201cun elemento indispensable de la canci\u00f3n sentimental de Am\u00e9rica Latina\u201d.<\/p>\n<p>El bolero naci\u00f3 en Santiago de Cuba (sureste) a finales del siglo XIX con la pieza \u201cTristezas\u201d de Pepe S\u00e1nchez, y en las primeras d\u00e9cadas del siglo XX fue adoptado por M\u00e9xico, que lo enriqueci\u00f3 con un estilo propio. En 1932 la mexicana Consuelo Vel\u00e1zquez lanz\u00f3 \u201cB\u00e9same mucho\u201d, el m\u00e1s internacional de los boleros, interpretado luego por Nat King Cole, Frank Sinatra y The Beatles, entre otros.<\/p>\n<p>Ambos pa\u00edses han dado al mundo grandes autores e int\u00e9rpretes, como los cubanos Omara Portuondo y los ya fallecidos Celia Cruz, Elena Burke, C\u00e9sar Portillo e Ignacio Villa (Bola de Nieve); as\u00ed como los mexicanos Agust\u00edn Lara, Javier Sol\u00eds, \u00c1lvaro Carrillo y Armando Manzanero.<\/p>\n","protected":false},"excerpt":{"rendered":"<div class=\"mh-excerpt\"><p>El g\u00e9nero rom\u00e1ntico, que naci\u00f3 en Cuba y se enriqueci\u00f3 en M\u00e9xico, fue destacado por su \u201cidentidad, emoci\u00f3n y poes\u00eda en el canto\u201d. El bolero de Cuba y M\u00e9xico, considerado el g\u00e9nero de la m\u00fasica <a class=\"mh-excerpt-more\" href=\"https:\/\/anexioncr.com\/index.php\/2023\/12\/18\/el-bolero-declarado-por-la-unesco-patrimonio-inmaterial\/\" title=\"El bolero, declarado por la Unesco patrimonio inmaterial\">[&#8230;]<\/a><\/p>\n<\/div>","protected":false},"author":1,"featured_media":2103,"comment_status":"open","ping_status":"open","sticky":false,"template":"","format":"standard","meta":{"_monsterinsights_skip_tracking":false,"_monsterinsights_sitenote_active":false,"_monsterinsights_sitenote_note":"","_monsterinsights_sitenote_category":0,"_uf_show_specific_survey":0,"_uf_disable_surveys":false,"footnotes":""},"categories":[107],"tags":[],"class_list":{"0":"post-2102","1":"post","2":"type-post","3":"status-publish","4":"format-standard","5":"has-post-thumbnail","7":"category-internacional"},"_links":{"self":[{"href":"https:\/\/anexioncr.com\/index.php\/wp-json\/wp\/v2\/posts\/2102","targetHints":{"allow":["GET"]}}],"collection":[{"href":"https:\/\/anexioncr.com\/index.php\/wp-json\/wp\/v2\/posts"}],"about":[{"href":"https:\/\/anexioncr.com\/index.php\/wp-json\/wp\/v2\/types\/post"}],"author":[{"embeddable":true,"href":"https:\/\/anexioncr.com\/index.php\/wp-json\/wp\/v2\/users\/1"}],"replies":[{"embeddable":true,"href":"https:\/\/anexioncr.com\/index.php\/wp-json\/wp\/v2\/comments?post=2102"}],"version-history":[{"count":1,"href":"https:\/\/anexioncr.com\/index.php\/wp-json\/wp\/v2\/posts\/2102\/revisions"}],"predecessor-version":[{"id":2104,"href":"https:\/\/anexioncr.com\/index.php\/wp-json\/wp\/v2\/posts\/2102\/revisions\/2104"}],"wp:featuredmedia":[{"embeddable":true,"href":"https:\/\/anexioncr.com\/index.php\/wp-json\/wp\/v2\/media\/2103"}],"wp:attachment":[{"href":"https:\/\/anexioncr.com\/index.php\/wp-json\/wp\/v2\/media?parent=2102"}],"wp:term":[{"taxonomy":"category","embeddable":true,"href":"https:\/\/anexioncr.com\/index.php\/wp-json\/wp\/v2\/categories?post=2102"},{"taxonomy":"post_tag","embeddable":true,"href":"https:\/\/anexioncr.com\/index.php\/wp-json\/wp\/v2\/tags?post=2102"}],"curies":[{"name":"wp","href":"https:\/\/api.w.org\/{rel}","templated":true}]}}