{"id":2077,"date":"2023-12-18T12:14:27","date_gmt":"2023-12-18T18:14:27","guid":{"rendered":"https:\/\/anexioncr.com\/?p=2077"},"modified":"2023-12-18T12:14:27","modified_gmt":"2023-12-18T18:14:27","slug":"obispo-de-tilaran-liberia-cumplio-41-de-ejercicio-sacerdotal","status":"publish","type":"post","link":"https:\/\/anexioncr.com\/index.php\/2023\/12\/18\/obispo-de-tilaran-liberia-cumplio-41-de-ejercicio-sacerdotal\/","title":{"rendered":"Obispo de Tilar\u00e1n-Liberia cumpli\u00f3 41 de ejercicio sacerdotal"},"content":{"rendered":"<p>Monse\u00f1or Manuel Eugenio Salazar, celebr\u00f3 recientemente las 4 d\u00e9cadas y un a\u00f1o que fue ordenado sacerdote y quien presidi\u00f3 esa ceremonia, fue monse\u00f1or Rom\u00e1n Arrieta Villalobos, el primer obispo que tuvo la entonces di\u00f3cesis de Tilar\u00e1n. Y por los designios emanados de la Santa Sede de Roma, se convirti\u00f3 en el cuarto obispo que gu\u00eda la grey de Guanacaste.<\/p>\n<p>Oriundo del Valle, Central abrazado por una familia luchadora, el sacerdote estuvo en varias parroquias y en Cuatro Reinas de Tib\u00e1s, se le recuerda con inmenso cari\u00f1o por su cercan\u00eda con los feligreses. El prelado public\u00f3 un corto pero efusivo mensaje que Anexi\u00f3n reproduce: \u201cDoy infinitas gracias a Dios por dejarme vivir 41 a\u00f1os de vida sacerdotal. No soy perfecto, tengo defectos, flaquezas, debilidades y fragilidades, pero su Gracia, Misericordia y Amor me sostienen.<\/p>\n<p>A Mar\u00eda sant\u00edsima le agradezco por haberme adoptado como su hijo, y por ser mi gran modelo y ejemplo a seguir.<br \/>\n\u00a1Sacerdote para siempre quiero ser! \u00a1Recen por m\u00ed!<\/p>\n<p>&nbsp;<\/p>\n<h5>Biografia<\/h5>\n<p>Naci\u00f3 el 9 de octubre de 1958 en<br \/>\nGuadalupe y fue ordenado presb\u00edtero el 04 de diciembre de 1982 en<br \/>\nla Arquidi\u00f3cesis de San Jos\u00e9, por<br \/>\nmonse\u00f1or Rom\u00e1n Arrieta Villalobos (q.d.D.g).<br \/>\nSu ordenaci\u00f3n episcopal se realiz\u00f3<br \/>\nel 04 de abril de 2016, en la Catedral de Tilar\u00e1n. El obispo ordenante fue monse\u00f1or Girardi Stellin.<\/p>\n","protected":false},"excerpt":{"rendered":"<div class=\"mh-excerpt\"><p>Monse\u00f1or Manuel Eugenio Salazar, celebr\u00f3 recientemente las 4 d\u00e9cadas y un a\u00f1o que fue ordenado sacerdote y quien presidi\u00f3 esa ceremonia, fue monse\u00f1or Rom\u00e1n Arrieta Villalobos, el primer obispo que tuvo la entonces di\u00f3cesis de <a class=\"mh-excerpt-more\" href=\"https:\/\/anexioncr.com\/index.php\/2023\/12\/18\/obispo-de-tilaran-liberia-cumplio-41-de-ejercicio-sacerdotal\/\" title=\"Obispo de Tilar\u00e1n-Liberia cumpli\u00f3 41 de ejercicio sacerdotal\">[&#8230;]<\/a><\/p>\n<\/div>","protected":false},"author":1,"featured_media":2078,"comment_status":"open","ping_status":"open","sticky":false,"template":"","format":"standard","meta":{"_monsterinsights_skip_tracking":false,"_monsterinsights_sitenote_active":false,"_monsterinsights_sitenote_note":"","_monsterinsights_sitenote_category":0,"_uf_show_specific_survey":0,"_uf_disable_surveys":false,"footnotes":""},"categories":[35],"tags":[],"class_list":{"0":"post-2077","1":"post","2":"type-post","3":"status-publish","4":"format-standard","5":"has-post-thumbnail","7":"category-cantones"},"_links":{"self":[{"href":"https:\/\/anexioncr.com\/index.php\/wp-json\/wp\/v2\/posts\/2077","targetHints":{"allow":["GET"]}}],"collection":[{"href":"https:\/\/anexioncr.com\/index.php\/wp-json\/wp\/v2\/posts"}],"about":[{"href":"https:\/\/anexioncr.com\/index.php\/wp-json\/wp\/v2\/types\/post"}],"author":[{"embeddable":true,"href":"https:\/\/anexioncr.com\/index.php\/wp-json\/wp\/v2\/users\/1"}],"replies":[{"embeddable":true,"href":"https:\/\/anexioncr.com\/index.php\/wp-json\/wp\/v2\/comments?post=2077"}],"version-history":[{"count":1,"href":"https:\/\/anexioncr.com\/index.php\/wp-json\/wp\/v2\/posts\/2077\/revisions"}],"predecessor-version":[{"id":2079,"href":"https:\/\/anexioncr.com\/index.php\/wp-json\/wp\/v2\/posts\/2077\/revisions\/2079"}],"wp:featuredmedia":[{"embeddable":true,"href":"https:\/\/anexioncr.com\/index.php\/wp-json\/wp\/v2\/media\/2078"}],"wp:attachment":[{"href":"https:\/\/anexioncr.com\/index.php\/wp-json\/wp\/v2\/media?parent=2077"}],"wp:term":[{"taxonomy":"category","embeddable":true,"href":"https:\/\/anexioncr.com\/index.php\/wp-json\/wp\/v2\/categories?post=2077"},{"taxonomy":"post_tag","embeddable":true,"href":"https:\/\/anexioncr.com\/index.php\/wp-json\/wp\/v2\/tags?post=2077"}],"curies":[{"name":"wp","href":"https:\/\/api.w.org\/{rel}","templated":true}]}}