{"id":2061,"date":"2023-12-18T11:47:38","date_gmt":"2023-12-18T17:47:38","guid":{"rendered":"https:\/\/anexioncr.com\/?p=2061"},"modified":"2023-12-18T11:48:36","modified_gmt":"2023-12-18T17:48:36","slug":"25-de-julio-dia-de-la-anexion-nunca-mas-se-celebrara-en-otra-fecha","status":"publish","type":"post","link":"https:\/\/anexioncr.com\/index.php\/2023\/12\/18\/25-de-julio-dia-de-la-anexion-nunca-mas-se-celebrara-en-otra-fecha\/","title":{"rendered":"25 de Julio d\u00eda de la Anexi\u00f3n, nunca m\u00e1s se celebrar\u00e1 en otra fecha"},"content":{"rendered":"<p>As\u00ed qued\u00f3 aprobado tras una votaci\u00f3n en primer debate de la Asamblea Legislativa y terminar\u00e1 de concretarse en el segundo debate, el 11 de enero, para pasar luego al<br \/>\nejec\u00fatese que el dar\u00e1 sinduda, el presidente Rodrigo Chaves.Los diputados apoyaron la iniciativa de la diputada nicoyana, Melina Ajoy, que reforma el art\u00edculo 148 y su transitorio para que la Anexi\u00f3n del Partido de Nicoya al Estado Libre de Costa Rica, se celebre el propio 25 de julio. Esto como signo para la reivindicaci\u00f3n del hito hist\u00f3rico y sociocultural de la incorporaci\u00f3n de este importante acontecimiento.<\/p>\n<h4>Nicoya sede oficial del 25 de Julio<\/h4>\n<p>La propuesta establece que la celebraci\u00f3n del D\u00eda de la Anexi\u00f3n no 25 de Julio d\u00eda de la Anexi\u00f3n, nunca m\u00e1s se celebrar\u00e1 en otra fecha pueda ser trasladada a otro d\u00eda de la semana, de modo que elimina lo que paso en este 2023, que se conmemor\u00f3 el lunes 24 de julio, y para el 2024 que quedaba el lunes 29 de julio, sin que importara la especial fecha de los 200 a\u00f1os de esa efem\u00e9ride.<\/p>\n<p>Es importante resaltar que el diputado Enmanuel Ajoy, padre de la legisladora Melina Ajoy, fue el que logr\u00f3 que la Asamblea Legislativa aprobara que el Poder Ejecutivo debe sesionar oficialmente el 25 de Julio en la Ciudad de Nicoya \u00fanica y exclusivamente, sin que haya rotaci\u00f3n en otros cantones de Guanacaste.<\/p>\n<p>Por dicha atr\u00e1s qued\u00f3 la ocurrencia de un diputado de la legislatura pasada, que consigui\u00f3 pasar las fechas patrias los d\u00edas lunes, para estimular el turismo y mandar al carajo la grandeza de lasgestas hist\u00f3ricas.<\/p>\n","protected":false},"excerpt":{"rendered":"<div class=\"mh-excerpt\"><p>As\u00ed qued\u00f3 aprobado tras una votaci\u00f3n en primer debate de la Asamblea Legislativa y terminar\u00e1 de concretarse en el segundo debate, el 11 de enero, para pasar luego al ejec\u00fatese que el dar\u00e1 sinduda, el <a class=\"mh-excerpt-more\" href=\"https:\/\/anexioncr.com\/index.php\/2023\/12\/18\/25-de-julio-dia-de-la-anexion-nunca-mas-se-celebrara-en-otra-fecha\/\" title=\"25 de Julio d\u00eda de la Anexi\u00f3n, nunca m\u00e1s se celebrar\u00e1 en otra fecha\">[&#8230;]<\/a><\/p>\n<\/div>","protected":false},"author":1,"featured_media":2062,"comment_status":"open","ping_status":"open","sticky":false,"template":"","format":"standard","meta":{"_monsterinsights_skip_tracking":false,"_monsterinsights_sitenote_active":false,"_monsterinsights_sitenote_note":"","_monsterinsights_sitenote_category":0,"_uf_show_specific_survey":0,"_uf_disable_surveys":false,"footnotes":""},"categories":[36,33],"tags":[],"class_list":{"0":"post-2061","1":"post","2":"type-post","3":"status-publish","4":"format-standard","5":"has-post-thumbnail","7":"category-destacados","8":"category-nacionales"},"_links":{"self":[{"href":"https:\/\/anexioncr.com\/index.php\/wp-json\/wp\/v2\/posts\/2061","targetHints":{"allow":["GET"]}}],"collection":[{"href":"https:\/\/anexioncr.com\/index.php\/wp-json\/wp\/v2\/posts"}],"about":[{"href":"https:\/\/anexioncr.com\/index.php\/wp-json\/wp\/v2\/types\/post"}],"author":[{"embeddable":true,"href":"https:\/\/anexioncr.com\/index.php\/wp-json\/wp\/v2\/users\/1"}],"replies":[{"embeddable":true,"href":"https:\/\/anexioncr.com\/index.php\/wp-json\/wp\/v2\/comments?post=2061"}],"version-history":[{"count":4,"href":"https:\/\/anexioncr.com\/index.php\/wp-json\/wp\/v2\/posts\/2061\/revisions"}],"predecessor-version":[{"id":2066,"href":"https:\/\/anexioncr.com\/index.php\/wp-json\/wp\/v2\/posts\/2061\/revisions\/2066"}],"wp:featuredmedia":[{"embeddable":true,"href":"https:\/\/anexioncr.com\/index.php\/wp-json\/wp\/v2\/media\/2062"}],"wp:attachment":[{"href":"https:\/\/anexioncr.com\/index.php\/wp-json\/wp\/v2\/media?parent=2061"}],"wp:term":[{"taxonomy":"category","embeddable":true,"href":"https:\/\/anexioncr.com\/index.php\/wp-json\/wp\/v2\/categories?post=2061"},{"taxonomy":"post_tag","embeddable":true,"href":"https:\/\/anexioncr.com\/index.php\/wp-json\/wp\/v2\/tags?post=2061"}],"curies":[{"name":"wp","href":"https:\/\/api.w.org\/{rel}","templated":true}]}}