{"id":2055,"date":"2023-12-18T11:39:30","date_gmt":"2023-12-18T17:39:30","guid":{"rendered":"https:\/\/anexioncr.com\/?p=2055"},"modified":"2023-12-18T11:39:30","modified_gmt":"2023-12-18T17:39:30","slug":"bebedero-de-canas-y-de-bagaces-recibieron-ansiado-premio-ambiental","status":"publish","type":"post","link":"https:\/\/anexioncr.com\/index.php\/2023\/12\/18\/bebedero-de-canas-y-de-bagaces-recibieron-ansiado-premio-ambiental\/","title":{"rendered":"Bebedero de Ca\u00f1as y de Bagaces, recibieron ansiado premio ambiental"},"content":{"rendered":"<p>Las comunidades de Bebedero de Ca\u00f1as y Bebedero de Bagaces, obtuvieron el galard\u00f3n de Bandera Azul Ecol\u00f3gica en la categor\u00eda Microcuenca, (R\u00edo Tenorio-R\u00edo Bebedero), como un reconocimiento al esfuerzo de proteger esas zonas por donde discurren las aguas.<\/p>\n<p>En la b\u00fasqueda de esa conquista es digno de resaltar el trabajo conjunto p\u00fablico-privado, en donde su principal objetivo es la articulaci\u00f3n comunal y la realizaci\u00f3n de acciones en cada uno de los ejes que conforman el proyecto.<\/p>\n<p>Los actores involucrados en este proyecto han aportado desde cada una de sus instituciones o empresas, su experiencia y el esfuerzo en equipo en busca del bienestar de los cantones de Bagaces y Ca\u00f1as. El programa Bandera Azul Ecol\u00f3gica en la categor\u00eda de Microcuencas, promueve la participaci\u00f3n responsable de<br \/>\nlas personas y las comunidades en la conservaci\u00f3n, restauraci\u00f3n y protecci\u00f3n de r\u00edos, quebradas, lagos o bien manantiales del pa\u00eds.<\/p>\n<p>L\u00edderes de esos pueblos vecinos indicaron que es importante mantener estas iniciativas, apoyar e unirse a Bebedero Yo Te Protejo, a ser ejemplo de una comunidad esforzada y luchadora. Antes que Guanacaste contara con la carretera Interamericana en los a\u00f1os 60, Bebedero fue clave en el trasporte de personas y mercader\u00edas, mediante el Golfo de Nicoya para llegar a Puntarenas y luego seguir al valle Central en tren.<\/p>\n","protected":false},"excerpt":{"rendered":"<div class=\"mh-excerpt\"><p>Las comunidades de Bebedero de Ca\u00f1as y Bebedero de Bagaces, obtuvieron el galard\u00f3n de Bandera Azul Ecol\u00f3gica en la categor\u00eda Microcuenca, (R\u00edo Tenorio-R\u00edo Bebedero), como un reconocimiento al esfuerzo de proteger esas zonas por donde <a class=\"mh-excerpt-more\" href=\"https:\/\/anexioncr.com\/index.php\/2023\/12\/18\/bebedero-de-canas-y-de-bagaces-recibieron-ansiado-premio-ambiental\/\" title=\"Bebedero de Ca\u00f1as y de Bagaces, recibieron ansiado premio ambiental\">[&#8230;]<\/a><\/p>\n<\/div>","protected":false},"author":1,"featured_media":2056,"comment_status":"open","ping_status":"open","sticky":false,"template":"","format":"standard","meta":{"_monsterinsights_skip_tracking":false,"_monsterinsights_sitenote_active":false,"_monsterinsights_sitenote_note":"","_monsterinsights_sitenote_category":0,"_uf_show_specific_survey":0,"_uf_disable_surveys":false,"footnotes":""},"categories":[35],"tags":[],"class_list":{"0":"post-2055","1":"post","2":"type-post","3":"status-publish","4":"format-standard","5":"has-post-thumbnail","7":"category-cantones"},"_links":{"self":[{"href":"https:\/\/anexioncr.com\/index.php\/wp-json\/wp\/v2\/posts\/2055","targetHints":{"allow":["GET"]}}],"collection":[{"href":"https:\/\/anexioncr.com\/index.php\/wp-json\/wp\/v2\/posts"}],"about":[{"href":"https:\/\/anexioncr.com\/index.php\/wp-json\/wp\/v2\/types\/post"}],"author":[{"embeddable":true,"href":"https:\/\/anexioncr.com\/index.php\/wp-json\/wp\/v2\/users\/1"}],"replies":[{"embeddable":true,"href":"https:\/\/anexioncr.com\/index.php\/wp-json\/wp\/v2\/comments?post=2055"}],"version-history":[{"count":1,"href":"https:\/\/anexioncr.com\/index.php\/wp-json\/wp\/v2\/posts\/2055\/revisions"}],"predecessor-version":[{"id":2057,"href":"https:\/\/anexioncr.com\/index.php\/wp-json\/wp\/v2\/posts\/2055\/revisions\/2057"}],"wp:featuredmedia":[{"embeddable":true,"href":"https:\/\/anexioncr.com\/index.php\/wp-json\/wp\/v2\/media\/2056"}],"wp:attachment":[{"href":"https:\/\/anexioncr.com\/index.php\/wp-json\/wp\/v2\/media?parent=2055"}],"wp:term":[{"taxonomy":"category","embeddable":true,"href":"https:\/\/anexioncr.com\/index.php\/wp-json\/wp\/v2\/categories?post=2055"},{"taxonomy":"post_tag","embeddable":true,"href":"https:\/\/anexioncr.com\/index.php\/wp-json\/wp\/v2\/tags?post=2055"}],"curies":[{"name":"wp","href":"https:\/\/api.w.org\/{rel}","templated":true}]}}