{"id":2052,"date":"2023-12-18T11:36:34","date_gmt":"2023-12-18T17:36:34","guid":{"rendered":"https:\/\/anexioncr.com\/?p=2052"},"modified":"2023-12-18T11:36:34","modified_gmt":"2023-12-18T17:36:34","slug":"personeros-de-aresep-visitaron-canton-fronterizo","status":"publish","type":"post","link":"https:\/\/anexioncr.com\/index.php\/2023\/12\/18\/personeros-de-aresep-visitaron-canton-fronterizo\/","title":{"rendered":"Personeros de ARESEP visitaron cant\u00f3n fronterizo"},"content":{"rendered":"<p>Como un hecho relevante en la historia del cant\u00f3n de La Cruz, por primera vez, la junta directiva de la Autoridad Reguladora de los Servicios P\u00fablicos (ARESEP), junto con las intendencias de Transporte, Energ\u00eda, y Agua realiz\u00f3 una sesi\u00f3n extraordinaria en nuestro cant\u00f3n.<\/p>\n<p>Seg\u00fan voceros municipales, el objetivo tiende a hacer un acercamientode la acci\u00f3n regulatoria de los territorios, a fin de conectar c\u00f3mo la regulaci\u00f3n de los servicios p\u00fablicos incide en la vida de las personas y en el desarrollo de los territorios y que estas regulaciones, por medio de alianzas estrat\u00e9gicas, deben considerar las condiciones particulares del cant\u00f3n.<\/p>\n<p>El alcalde municipal, Alonso Alan dijo a Anexi\u00f3n que esos encuentros tienen una enorme relevancia, en virtud que los altos personeros se enteran directamente de la realidad que circunda a las comunidades, en sus afanes de mejorar varios aspectos de su accionar diario, como las tarifas, el\u00e9ctricas, las tarifas de buses y otros aspectos.<\/p>\n","protected":false},"excerpt":{"rendered":"<div class=\"mh-excerpt\"><p>Como un hecho relevante en la historia del cant\u00f3n de La Cruz, por primera vez, la junta directiva de la Autoridad Reguladora de los Servicios P\u00fablicos (ARESEP), junto con las intendencias de Transporte, Energ\u00eda, y <a class=\"mh-excerpt-more\" href=\"https:\/\/anexioncr.com\/index.php\/2023\/12\/18\/personeros-de-aresep-visitaron-canton-fronterizo\/\" title=\"Personeros de ARESEP visitaron cant\u00f3n fronterizo\">[&#8230;]<\/a><\/p>\n<\/div>","protected":false},"author":1,"featured_media":2053,"comment_status":"open","ping_status":"open","sticky":false,"template":"","format":"standard","meta":{"_monsterinsights_skip_tracking":false,"_monsterinsights_sitenote_active":false,"_monsterinsights_sitenote_note":"","_monsterinsights_sitenote_category":0,"_uf_show_specific_survey":0,"_uf_disable_surveys":false,"footnotes":""},"categories":[34],"tags":[],"class_list":{"0":"post-2052","1":"post","2":"type-post","3":"status-publish","4":"format-standard","5":"has-post-thumbnail","7":"category-provincia"},"_links":{"self":[{"href":"https:\/\/anexioncr.com\/index.php\/wp-json\/wp\/v2\/posts\/2052","targetHints":{"allow":["GET"]}}],"collection":[{"href":"https:\/\/anexioncr.com\/index.php\/wp-json\/wp\/v2\/posts"}],"about":[{"href":"https:\/\/anexioncr.com\/index.php\/wp-json\/wp\/v2\/types\/post"}],"author":[{"embeddable":true,"href":"https:\/\/anexioncr.com\/index.php\/wp-json\/wp\/v2\/users\/1"}],"replies":[{"embeddable":true,"href":"https:\/\/anexioncr.com\/index.php\/wp-json\/wp\/v2\/comments?post=2052"}],"version-history":[{"count":1,"href":"https:\/\/anexioncr.com\/index.php\/wp-json\/wp\/v2\/posts\/2052\/revisions"}],"predecessor-version":[{"id":2054,"href":"https:\/\/anexioncr.com\/index.php\/wp-json\/wp\/v2\/posts\/2052\/revisions\/2054"}],"wp:featuredmedia":[{"embeddable":true,"href":"https:\/\/anexioncr.com\/index.php\/wp-json\/wp\/v2\/media\/2053"}],"wp:attachment":[{"href":"https:\/\/anexioncr.com\/index.php\/wp-json\/wp\/v2\/media?parent=2052"}],"wp:term":[{"taxonomy":"category","embeddable":true,"href":"https:\/\/anexioncr.com\/index.php\/wp-json\/wp\/v2\/categories?post=2052"},{"taxonomy":"post_tag","embeddable":true,"href":"https:\/\/anexioncr.com\/index.php\/wp-json\/wp\/v2\/tags?post=2052"}],"curies":[{"name":"wp","href":"https:\/\/api.w.org\/{rel}","templated":true}]}}