{"id":2048,"date":"2023-12-18T11:32:24","date_gmt":"2023-12-18T17:32:24","guid":{"rendered":"https:\/\/anexioncr.com\/?p=2048"},"modified":"2023-12-18T11:32:24","modified_gmt":"2023-12-18T17:32:24","slug":"san-jose-vivio-con-alegria-la-25-entrada-de-santos-y-boyeros-de-todo-el-pais","status":"publish","type":"post","link":"https:\/\/anexioncr.com\/index.php\/2023\/12\/18\/san-jose-vivio-con-alegria-la-25-entrada-de-santos-y-boyeros-de-todo-el-pais\/","title":{"rendered":"San Jos\u00e9 vivi\u00f3 con alegr\u00eda la 25 Entrada de Santos y Boyeros de todo el pa\u00eds"},"content":{"rendered":"<p>La actividad se celebr\u00f3 el 26 de noviembre en el Parque Metropolitano de la Sabana y como un hecho especial, se trat\u00f3 de la edici\u00f3n n\u00famero 25. Desde el 2005 el Boyeo y la Carreta T\u00edpica Costarricense fue declarada por la UNESCO, como Patrimonio Oral e Intangible de la Humanidad.<\/p>\n<p>Cientos de boyeros y boyeras, muchos ni\u00f1os o ni\u00f1as, de diferentes lugares del pa\u00eds, participaron con sus hermosas yuntas, algunas de ellas cargando el Santo Patrono de su comunidad. Esta linda tradici\u00f3n nos ayuda a reconocer nuestras ra\u00edces y nuestra historia, la importancia del campo, de los campesinos y agricultores de nuestro pa\u00eds.<\/p>\n<p>En mi caso, se suma otro elemento que me hace tener especiales lazos afectivos con esta actividad y es el hecho que mi pap\u00e1, Fabio Araya, fue boyero. De ni\u00f1o guardo especiales recuerdos de ver a mi padre sacando el poco caf\u00e9 que le produc\u00eda una peque\u00f1a finca en Esquipulas de Palmares con su carreta de bueyes.<\/p>\n<p>\u00a1Que vivan por siempre nuestras tradiciones!<\/p>\n","protected":false},"excerpt":{"rendered":"<div class=\"mh-excerpt\"><p>La actividad se celebr\u00f3 el 26 de noviembre en el Parque Metropolitano de la Sabana y como un hecho especial, se trat\u00f3 de la edici\u00f3n n\u00famero 25. Desde el 2005 el Boyeo y la Carreta <a class=\"mh-excerpt-more\" href=\"https:\/\/anexioncr.com\/index.php\/2023\/12\/18\/san-jose-vivio-con-alegria-la-25-entrada-de-santos-y-boyeros-de-todo-el-pais\/\" title=\"San Jos\u00e9 vivi\u00f3 con alegr\u00eda la 25 Entrada de Santos y Boyeros de todo el pa\u00eds\">[&#8230;]<\/a><\/p>\n<\/div>","protected":false},"author":1,"featured_media":2049,"comment_status":"open","ping_status":"open","sticky":false,"template":"","format":"standard","meta":{"_monsterinsights_skip_tracking":false,"_monsterinsights_sitenote_active":false,"_monsterinsights_sitenote_note":"","_monsterinsights_sitenote_category":0,"_uf_show_specific_survey":0,"_uf_disable_surveys":false,"footnotes":""},"categories":[33],"tags":[],"class_list":{"0":"post-2048","1":"post","2":"type-post","3":"status-publish","4":"format-standard","5":"has-post-thumbnail","7":"category-nacionales"},"_links":{"self":[{"href":"https:\/\/anexioncr.com\/index.php\/wp-json\/wp\/v2\/posts\/2048","targetHints":{"allow":["GET"]}}],"collection":[{"href":"https:\/\/anexioncr.com\/index.php\/wp-json\/wp\/v2\/posts"}],"about":[{"href":"https:\/\/anexioncr.com\/index.php\/wp-json\/wp\/v2\/types\/post"}],"author":[{"embeddable":true,"href":"https:\/\/anexioncr.com\/index.php\/wp-json\/wp\/v2\/users\/1"}],"replies":[{"embeddable":true,"href":"https:\/\/anexioncr.com\/index.php\/wp-json\/wp\/v2\/comments?post=2048"}],"version-history":[{"count":1,"href":"https:\/\/anexioncr.com\/index.php\/wp-json\/wp\/v2\/posts\/2048\/revisions"}],"predecessor-version":[{"id":2050,"href":"https:\/\/anexioncr.com\/index.php\/wp-json\/wp\/v2\/posts\/2048\/revisions\/2050"}],"wp:featuredmedia":[{"embeddable":true,"href":"https:\/\/anexioncr.com\/index.php\/wp-json\/wp\/v2\/media\/2049"}],"wp:attachment":[{"href":"https:\/\/anexioncr.com\/index.php\/wp-json\/wp\/v2\/media?parent=2048"}],"wp:term":[{"taxonomy":"category","embeddable":true,"href":"https:\/\/anexioncr.com\/index.php\/wp-json\/wp\/v2\/categories?post=2048"},{"taxonomy":"post_tag","embeddable":true,"href":"https:\/\/anexioncr.com\/index.php\/wp-json\/wp\/v2\/tags?post=2048"}],"curies":[{"name":"wp","href":"https:\/\/api.w.org\/{rel}","templated":true}]}}