{"id":2045,"date":"2023-12-13T14:35:17","date_gmt":"2023-12-13T20:35:17","guid":{"rendered":"https:\/\/anexioncr.com\/?p=2045"},"modified":"2023-12-13T14:35:17","modified_gmt":"2023-12-13T20:35:17","slug":"la-cruz-inventario-cultural-identifica-23-manifestaciones-de-patrimonio-cultural-entre-sus-principales-hallazgos","status":"publish","type":"post","link":"https:\/\/anexioncr.com\/index.php\/2023\/12\/13\/la-cruz-inventario-cultural-identifica-23-manifestaciones-de-patrimonio-cultural-entre-sus-principales-hallazgos\/","title":{"rendered":"La Cruz: Inventario Cultural identifica 23 manifestaciones de patrimonio cultural entre sus principales hallazgos"},"content":{"rendered":"<ul type=\"disc\">\n<li><b><span lang=\"ES\">Proceso liderado por el Sistema de Informaci\u00f3n Cultural de Costa Rica, se desarroll\u00f3 de mayo a noviembre de 2023, en todo el cant\u00f3n de La Cruz<\/span><\/b><b><\/b><\/li>\n<li><b><span lang=\"ES-TRAD\">Principales resultados del Inventario Cultural se presentar\u00e1n el 15 de diciembre, 6 p.m., en Parque\u00a0<i>Teodoro Picado Michalski<\/i>, La Cruz<\/span><\/b><b><\/b><\/li>\n<\/ul>\n<p><b><span lang=\"ES\">\u00a0<\/span><\/b><\/p>\n<p><b><span lang=\"ES\">San Jos\u00e9, 13 de diciembre de 2023<\/span><\/b><b><span lang=\"ES\">.\u00a0<\/span><\/b><span lang=\"ES-TRAD\">El Inventario Cultural de La Cruz permiti\u00f3 recopilar informaci\u00f3n valiosa sobre recursos culturales que posee este cant\u00f3n guanacasteco.<\/span><\/p>\n<p><span lang=\"ES-TRAD\">\u00a0<\/span><\/p>\n<p><span lang=\"ES-TRAD\">Este proceso es encabezado por el\u00a0<\/span><span lang=\"ES\">Sistema de Informaci\u00f3n Cultural de Costa Rica, que forma parte de la Unidad de Cultura y Econom\u00eda del Ministerio de Cultura y Juventud (MCJ). El Inventario Cultural se realiza para obtener una visi\u00f3n m\u00e1s completa de la realidad sociocultural del cant\u00f3n, as\u00ed como para recopilar informaci\u00f3n relevante para ser incorporada en el Directorio Cultural de<\/span><span lang=\"ES\">\u00a0<\/span><span lang=\"ES\"><a href=\"https:\/\/si.cultura.cr\/directorio-cultural\/busqueda-avanzada?location=1%2C183\" target=\"_blank\" rel=\"nofollow noopener\" shape=\"rect\" data-saferedirecturl=\"https:\/\/www.google.com\/url?q=https:\/\/si.cultura.cr\/directorio-cultural\/busqueda-avanzada?location%3D1%252C183&amp;source=gmail&amp;ust=1702582874464000&amp;usg=AOvVaw0_aepykmD7qGGRXs8MFct1\">Sicultura<\/a>, del MCJ, que estar\u00e1 disponible para el uso de personas del cant\u00f3n, y del p\u00fablico en general.<\/span><\/p>\n<p>&nbsp;<\/p>\n<p><span lang=\"ES-TRAD\">Durante el proceso en La Cruz, se completaron 193 formularios, distribuidos de la siguiente forma: 95 sobre personas que se desarrollan en el sector cultural; 23 de manifestaciones culturales; 13 de agrupaciones culturales; 29 de organizaciones comunitarias; 19 de infraestructuras o espacios de uso cultural; 12 comidas y bebidas tradicionales, as\u00ed como 2 de festividades culturales.<\/span><\/p>\n<p><span lang=\"ES-TRAD\">\u00a0<\/span><\/p>\n<p><span lang=\"ES-TRAD\">Entre las manifestaciones culturales, destacan oficios tradicionales como la agricultura de autoconsumo, la pesca artesanal, la ebanister\u00eda, la artesan\u00eda, entre otras. Tambi\u00e9n resalta la gran riqueza culinaria, en la que mujeres de diferentes comunidades del cant\u00f3n ofrecen sus deliciosas preparaciones a base de ma\u00edz y mariscos, ingredientes que han estado presentes en las mesas de las familias cruce\u00f1as por muchas <\/span><span lang=\"ES-TRAD\">generaciones. El uso del horno y el fog\u00f3n de le\u00f1a, tienen un lugar protag\u00f3nico en la cocci\u00f3n de estas recetas, tradici\u00f3n que goza de gran vitalidad, fundamental para brindar un sabor m\u00e1s aut\u00f3ctono. Por su parte, la cuajada, y la producci\u00f3n de otros l\u00e1cteos, ocupan un lugar notable en la dieta cruce\u00f1a.<\/span><\/p>\n<p><span lang=\"ES-TRAD\">\u00a0<\/span><\/p>\n<p><span lang=\"ES-TRAD\">Los montadores de toros, los lazadores y los hacedores de caballos dejan en evidencia la presencia de una fuerte cultura que se teje alrededor de la actividad ganadera, que se expresa no solo en las fincas, si no en las montaderas de toros en las fiestas de rodeo que se realizan en pueblos como Cuajiniquil, San Dimas, Puerto Soley, El Jobo, La Cruz, as\u00ed como en las cabalgatas en las que jinetes y caballos visten sus mejores galas para mostrarse como un conjunto indivisible.<\/span><\/p>\n<p><span lang=\"ES-TRAD\">\u00a0<\/span><\/p>\n<p><span lang=\"ES-TRAD\">Adem\u00e1s, se contabilizaron 29 organizaciones comunitarias que abordan tem\u00e1ticas diversas, como el turismo sostenible y el desarrollo de actividades agr\u00edcolas y pesqueras, as\u00ed como 13 agrupaciones culturales con una importante participaci\u00f3n de personas j\u00f3venes, principalmente en aquellas dedicadas a la danza y la m\u00fasica.<\/span><\/p>\n<p><span lang=\"ES-TRAD\">\u00a0<\/span><\/p>\n<p><span lang=\"ES-TRAD\">Nayuribe Guadamuz Rosales, ministra de Cultura y Juventud, expres\u00f3 que \u201cla elaboraci\u00f3n de inventarios culturales, nos permite tener una visi\u00f3n m\u00e1s integral de las manifestaciones culturales que desarrollan las diferentes comunidades del pa\u00eds, cuyos datos sirven a los gobiernos locales, y al mismo Ministerio de Cultura y Juventud, para tomar decisiones en aspectos socioculturales. En La Cruz, podemos identificar c\u00f3mo la cultura est\u00e1 arraigada en la ciudadan\u00eda, y lo podemos ver con la cantidad de practicas culturales identificadas, las cuales evidencian que es una zona donde la cultura se conserva, se practica y forma parte del d\u00eda a d\u00eda de las personas\u201d.<\/span><\/p>\n<p><span lang=\"ES-TRAD\">\u00a0<\/span><\/p>\n<p><span lang=\"ES-TRAD\">Presentaci\u00f3n de hallazgos<\/span><span lang=\"ES-TRAD\">. Los principales resultados del Inventario Cultural de La Cruz, se presentar\u00e1n el viernes 15 de diciembre, a las 6 p.m., en el Parque\u00a0<i>Teodoro Picado Michalski<\/i>\u00a0del centro del cant\u00f3n, durante la actividad de cierre del Inventario Cultural.<\/span><\/p>\n<p><span lang=\"ES-TRAD\">\u00a0<\/span><\/p>\n<p><span lang=\"ES-TRAD\">En la actividad participar\u00e1 Alexander Castro Mena, viceministro Administrativo del Ministerio de Cultura y Juventud; Luis Alonso Al\u00e1n Corea, alcalde Municipalidad de La Cruz; Ada Luz Osegueda Peralta. vicealcaldesa Municipalidad de La Cruz, as\u00ed como personas regidoras y sindicas del Concejo Municipal.<\/span><\/p>\n<p><span lang=\"ES-TRAD\">\u00a0<\/span><\/p>\n<p><span lang=\"ES-TRAD\">Adem\u00e1s de esta informaci\u00f3n, se compartir\u00e1n los principales hallazgos sobre las caracter\u00edsticas socioecon\u00f3micas de las personas participantes; asimismo, el p\u00fablico podr\u00e1 disfrutar la presentaci\u00f3n de la Banda Municipal de La Cruz, as\u00ed como homenaje a las cinco personas de mayor edad que participaron en el inventario como portadoras de la tradici\u00f3n cruce\u00f1a.<\/span><span lang=\"ES-TRAD\">\u00a0<\/span><\/p>\n","protected":false},"excerpt":{"rendered":"<div class=\"mh-excerpt\"><p>Proceso liderado por el Sistema de Informaci\u00f3n Cultural de Costa Rica, se desarroll\u00f3 de mayo a noviembre de 2023, en todo el cant\u00f3n de La Cruz Principales resultados del Inventario Cultural se presentar\u00e1n el 15 <a class=\"mh-excerpt-more\" href=\"https:\/\/anexioncr.com\/index.php\/2023\/12\/13\/la-cruz-inventario-cultural-identifica-23-manifestaciones-de-patrimonio-cultural-entre-sus-principales-hallazgos\/\" title=\"La Cruz: Inventario Cultural identifica 23 manifestaciones de patrimonio cultural entre sus principales hallazgos\">[&#8230;]<\/a><\/p>\n<\/div>","protected":false},"author":1,"featured_media":2046,"comment_status":"open","ping_status":"open","sticky":false,"template":"","format":"standard","meta":{"_monsterinsights_skip_tracking":false,"_monsterinsights_sitenote_active":false,"_monsterinsights_sitenote_note":"","_monsterinsights_sitenote_category":0,"_uf_show_specific_survey":0,"_uf_disable_surveys":false,"footnotes":""},"categories":[33],"tags":[],"class_list":{"0":"post-2045","1":"post","2":"type-post","3":"status-publish","4":"format-standard","5":"has-post-thumbnail","7":"category-nacionales"},"_links":{"self":[{"href":"https:\/\/anexioncr.com\/index.php\/wp-json\/wp\/v2\/posts\/2045","targetHints":{"allow":["GET"]}}],"collection":[{"href":"https:\/\/anexioncr.com\/index.php\/wp-json\/wp\/v2\/posts"}],"about":[{"href":"https:\/\/anexioncr.com\/index.php\/wp-json\/wp\/v2\/types\/post"}],"author":[{"embeddable":true,"href":"https:\/\/anexioncr.com\/index.php\/wp-json\/wp\/v2\/users\/1"}],"replies":[{"embeddable":true,"href":"https:\/\/anexioncr.com\/index.php\/wp-json\/wp\/v2\/comments?post=2045"}],"version-history":[{"count":1,"href":"https:\/\/anexioncr.com\/index.php\/wp-json\/wp\/v2\/posts\/2045\/revisions"}],"predecessor-version":[{"id":2047,"href":"https:\/\/anexioncr.com\/index.php\/wp-json\/wp\/v2\/posts\/2045\/revisions\/2047"}],"wp:featuredmedia":[{"embeddable":true,"href":"https:\/\/anexioncr.com\/index.php\/wp-json\/wp\/v2\/media\/2046"}],"wp:attachment":[{"href":"https:\/\/anexioncr.com\/index.php\/wp-json\/wp\/v2\/media?parent=2045"}],"wp:term":[{"taxonomy":"category","embeddable":true,"href":"https:\/\/anexioncr.com\/index.php\/wp-json\/wp\/v2\/categories?post=2045"},{"taxonomy":"post_tag","embeddable":true,"href":"https:\/\/anexioncr.com\/index.php\/wp-json\/wp\/v2\/tags?post=2045"}],"curies":[{"name":"wp","href":"https:\/\/api.w.org\/{rel}","templated":true}]}}