{"id":2027,"date":"2023-12-04T09:44:20","date_gmt":"2023-12-04T15:44:20","guid":{"rendered":"https:\/\/anexioncr.com\/?p=2027"},"modified":"2023-12-04T09:44:20","modified_gmt":"2023-12-04T15:44:20","slug":"78mil-hogares-logran-acceso-a-la-conectividad-gracias-a-politica-publica-de-solidaridad-digital","status":"publish","type":"post","link":"https:\/\/anexioncr.com\/index.php\/2023\/12\/04\/78mil-hogares-logran-acceso-a-la-conectividad-gracias-a-politica-publica-de-solidaridad-digital\/","title":{"rendered":"78mil hogares logran acceso a la conectividad gracias a pol\u00edtica p\u00fablica de solidaridad digital"},"content":{"rendered":"<p>Al\u00a031 de octubre de 2023, m\u00e1s de 78 mil hogares costarricenses en condiciones de pobreza extrema y pobreza b\u00e1sica han logrado acceder a la conectividad, gracias a los esfuerzos conjuntos del Ministerio de Ciencia, Innovaci\u00f3n, Tecnolog\u00eda y Telecomunicaciones (MICITT), el Instituto Mixto de Ayuda Social (IMAS) y la Superintendencia de Telecomunicaciones (SUTEL) a trav\u00e9s del Fondo Nacional de Telecomunicaciones (FONATEL). Este hito se ha alcanzado mediante la implementaci\u00f3n de un programa de solidaridad digital en l\u00ednea con el Plan Nacional de Desarrollo de las Telecomunicaciones, cuyo objetivo principal es facilitar el acceso a la conectividad y promover la inclusi\u00f3n digital en hogares identificados en situaci\u00f3n de pobreza y pobreza extrema.<\/p>\n<p>&nbsp;<\/p>\n<p>A trav\u00e9s del Programa Hogares Conectados, se subsidia una porci\u00f3n de la factura del servicio de Internet en las viviendas de los hogares con las condiciones socioecon\u00f3micas mencionadas, seg\u00fan clasificaci\u00f3n del Sistema Nacional de Informaci\u00f3n y Registro \u00danico de Beneficiarios del Estado (SINIRUBE). Los hogares son previamente seleccionados por el IMAS, mediante informaci\u00f3n suministrada por el Ministerio de Educaci\u00f3n P\u00fablica (MEP). Durante un per\u00edodo de 36 meses, se les proporciona un subsidio para el servicio de Internet fijo, cubriendo un porcentaje del costo total y permitiendo que accedan a precios reducidos.<\/p>\n<p>&nbsp;<\/p>\n<p>El monto del subsidio var\u00eda entre el 80%, 60% o 40% del precio del servicio, dependiendo del quintil de ingresos del hogar, seg\u00fan lo determinado por el IMAS y la clasificaci\u00f3n socioecon\u00f3mica determinada por el SINIRUBE, y en concordancia con el Plan Nacional de Desarrollo de las Telecomunicaciones 2022-2027, liderado por el MICITT.<\/p>\n<p>&nbsp;<\/p>\n<p>La ministra de Ciencia, Innovaci\u00f3n, Tecnolog\u00eda y Telecomunicaciones Paula Bogantes Zamora, enfatiz\u00f3 la trascendencia de esta meta alcanzada: &#8220;Llegar a esta meta marca un avance significativo hacia la reducci\u00f3n de la brecha digital en Costa Rica. El acceso equitativo a la conectividad es esencial para el desarrollo inclusivo y sostenible del pa\u00eds. Nuestro compromiso con el Plan de Desarrollo de las Telecomunicaciones demuestra la determinaci\u00f3n del Gobierno para garantizar que la tecnolog\u00eda sea accesible para todos los ciudadanos, sin importar su condici\u00f3n socioecon\u00f3mica.&#8221;<\/p>\n<p>&nbsp;<\/p>\n<p>Asimismo, la Ministra de Desarrollo Humano e Inclusi\u00f3n Social y Presidenta Ejecutiva del IMAS,\u00a0 Yorleny Le\u00f3n Marchena, indic\u00f3: \u201cpara la instituci\u00f3n es de mucha satisfacci\u00f3n ser parte de las instituciones que contribuyen a romper esa brecha de la desigualdad tecnol\u00f3gica, sobre todo en aquellos hogares en condici\u00f3n de pobreza extrema y pobreza b\u00e1sica, donde es de suma prioridad que las personas est\u00e9n informadas de los cambios incluidos en este 2023 con la implementaci\u00f3n del IMAS 2.0, y donde la conectividad es indispensable para que a trav\u00e9s del Formulario de Solicitud Atenci\u00f3n y el Sistema de Autogesti\u00f3n, las personas accedan a la oferta program\u00e1tica institucional\u201d.<\/p>\n<p>&nbsp;<\/p>\n<p>Seg\u00fan datos registrados por el IMAS, un total de 357.388 personas han completado el Formulario de Solicitud de Atenci\u00f3n y 111.192 han logrado registrarse en el Sistema de Autogesti\u00f3n, con lo cual tienen conocimiento de su gesti\u00f3n institucional, raz\u00f3n que justifica ampliamente seguir avanzando en llevar la conectividad a m\u00e1s hogares.<\/p>\n<p>&nbsp;<\/p>\n<p>El incremento en la cantidad de personas beneficiarias se ha logrado gracias a diversas estrategias implementadas por el MICITT y el IMAS entre las que se incluyen visitas a comunidades en conjunto con las empresas operadoras, campa\u00f1as en redes sociales a trav\u00e9s de los perfiles de las municipalidades, as\u00ed como visitas a centros educativos para distribuir la informaci\u00f3n. Los ciudadanos pueden verificar si son beneficiarios de obtener la conectividad en la vivienda bajo esta meta, a trav\u00e9s del IMAS en el sitio web:\u00a0<a href=\"https:\/\/web.imas.go.cr\/hogares_conectados\/#\/consulta_beneficio\" target=\"_blank\" rel=\"noreferrer noopener\" data-saferedirecturl=\"https:\/\/www.google.com\/url?q=https:\/\/web.imas.go.cr\/hogares_conectados\/%23\/consulta_beneficio&amp;source=gmail&amp;ust=1701786117934000&amp;usg=AOvVaw23L3wIrxj8AEkkUtZerOvg\">https:\/\/web.imas.go.cr\/<wbr \/>hogares_conectados\/#\/consulta_<wbr \/>beneficio<\/a>, y esta consulta es gratuita.<\/p>\n<p>&nbsp;<\/p>\n","protected":false},"excerpt":{"rendered":"<div class=\"mh-excerpt\"><p>Al\u00a031 de octubre de 2023, m\u00e1s de 78 mil hogares costarricenses en condiciones de pobreza extrema y pobreza b\u00e1sica han logrado acceder a la conectividad, gracias a los esfuerzos conjuntos del Ministerio de Ciencia, Innovaci\u00f3n, <a class=\"mh-excerpt-more\" href=\"https:\/\/anexioncr.com\/index.php\/2023\/12\/04\/78mil-hogares-logran-acceso-a-la-conectividad-gracias-a-politica-publica-de-solidaridad-digital\/\" title=\"78mil hogares logran acceso a la conectividad gracias a pol\u00edtica p\u00fablica de solidaridad digital\">[&#8230;]<\/a><\/p>\n<\/div>","protected":false},"author":1,"featured_media":1352,"comment_status":"open","ping_status":"open","sticky":false,"template":"","format":"standard","meta":{"_monsterinsights_skip_tracking":false,"_monsterinsights_sitenote_active":false,"_monsterinsights_sitenote_note":"","_monsterinsights_sitenote_category":0,"_uf_show_specific_survey":0,"_uf_disable_surveys":false,"footnotes":""},"categories":[33],"tags":[],"class_list":{"0":"post-2027","1":"post","2":"type-post","3":"status-publish","4":"format-standard","5":"has-post-thumbnail","7":"category-nacionales"},"_links":{"self":[{"href":"https:\/\/anexioncr.com\/index.php\/wp-json\/wp\/v2\/posts\/2027","targetHints":{"allow":["GET"]}}],"collection":[{"href":"https:\/\/anexioncr.com\/index.php\/wp-json\/wp\/v2\/posts"}],"about":[{"href":"https:\/\/anexioncr.com\/index.php\/wp-json\/wp\/v2\/types\/post"}],"author":[{"embeddable":true,"href":"https:\/\/anexioncr.com\/index.php\/wp-json\/wp\/v2\/users\/1"}],"replies":[{"embeddable":true,"href":"https:\/\/anexioncr.com\/index.php\/wp-json\/wp\/v2\/comments?post=2027"}],"version-history":[{"count":1,"href":"https:\/\/anexioncr.com\/index.php\/wp-json\/wp\/v2\/posts\/2027\/revisions"}],"predecessor-version":[{"id":2028,"href":"https:\/\/anexioncr.com\/index.php\/wp-json\/wp\/v2\/posts\/2027\/revisions\/2028"}],"wp:featuredmedia":[{"embeddable":true,"href":"https:\/\/anexioncr.com\/index.php\/wp-json\/wp\/v2\/media\/1352"}],"wp:attachment":[{"href":"https:\/\/anexioncr.com\/index.php\/wp-json\/wp\/v2\/media?parent=2027"}],"wp:term":[{"taxonomy":"category","embeddable":true,"href":"https:\/\/anexioncr.com\/index.php\/wp-json\/wp\/v2\/categories?post=2027"},{"taxonomy":"post_tag","embeddable":true,"href":"https:\/\/anexioncr.com\/index.php\/wp-json\/wp\/v2\/tags?post=2027"}],"curies":[{"name":"wp","href":"https:\/\/api.w.org\/{rel}","templated":true}]}}