{"id":2022,"date":"2023-12-04T09:41:46","date_gmt":"2023-12-04T15:41:46","guid":{"rendered":"https:\/\/anexioncr.com\/?p=2022"},"modified":"2023-12-04T09:41:46","modified_gmt":"2023-12-04T15:41:46","slug":"uned-apoyara-la-profesionalizacion-de-cuerpos-policiales-en-nueva-politica-nacional-de-seguridad-publica","status":"publish","type":"post","link":"https:\/\/anexioncr.com\/index.php\/2023\/12\/04\/uned-apoyara-la-profesionalizacion-de-cuerpos-policiales-en-nueva-politica-nacional-de-seguridad-publica\/","title":{"rendered":"UNED apoyar\u00e1 la profesionalizaci\u00f3n de cuerpos policiales en nueva Pol\u00edtica Nacional de Seguridad P\u00fablica"},"content":{"rendered":"<p>El Ministerio de Seguridad P\u00fablica (MSP) present\u00f3 la Pol\u00edtica Nacional de Seguridad P\u00fablica 2023-2030, que prioriza el ataque frontal contra el narcotr\u00e1fico, los programas preventivos y la modernizaci\u00f3n tecnol\u00f3gica de los cuerpos policiales, as\u00ed como la profesionalizaci\u00f3n de la Fuerza P\u00fablica con el apoyo de la UNED, desde su carrera de Ciencias Policiales. La Pol\u00edtica de Seguridad P\u00fablica consta de 4 ejes: Prevenci\u00f3n social, Criminalidad com\u00fan, Crimen Organizado y Narcotr\u00e1fico, Protecci\u00f3n y Defensa de la Naci\u00f3n. Cada uno de los ejes contiene una serie de acciones con objetivos muy claros de cumplimiento, algunos de los cuales, forman parte de las medidas que asumi\u00f3 el ministro de Seguridad, Mario Zamora Cordero, desde el 10 de mayo de 2023.<\/p>\n<p>El componente sobre Seguridad Ciudadana: Proactividad Policial ante la acci\u00f3n delincuencial relacionada con la criminalidad com\u00fan, incluye la Estructuraci\u00f3n de los Estudios Policiales bajo el formato universitario de la carrera de Ciencias Policiales de la UNED, destacando como \u201cun eje prioritario la profesionalizaci\u00f3n con grados superiores, por parte de las distintas personas que<br \/>\nconforman los cuerpos policiales\u201d. \u201cSolo mediante el aumento en las capacidades de formaci\u00f3n acad\u00e9mica es posible la respuesta adecuada frente a las nuevas circunstancias de criminalidad global y de gran escala. Desde el Ministerio de Seguridad se desarrollar\u00e1n las acciones para fortalecer e desarrollo policial, teniendo como objeto garantizar la estabilidad, la igualdad de oportunidades y consecuentemente, fomentar la vocaci\u00f3n de servicio y el sentido de pertenencia a los cuerpos policiales\u201d, indica el documento presentado hoy.<\/p>\n<p>Para ello, el MSP y la UNED firmar\u00e1n un Convenio para cumplir con este objetivo, desarrollando conjuntamente la metodolog\u00eda acad\u00e9mica para el ingreso de los efectivos policiales en la carrera en Ciencias Policiales en los grados de Bachiller y Licenciatura, \u201clo cual exigir\u00e1 al servidor la obligaci\u00f3n y el compromiso de permanecer dentro de la instituci\u00f3n contribuyendo al fortalecimiento de esta y al mismo tiempo, les permite aspirar a un proyecto de vida en el interior de la Instituci\u00f3n\u201d. La Pol\u00edtica se\u00f1ala que el MSP debe comprometerse a establecer las condiciones id\u00f3neas y necesarias para el desarrollo de las competencias y habilidades de los miembros de todos los cuerpos policiales, haci\u00e9ndoles ver sus beneficios y el potencial que pueden lograr en el futuro, ofreci\u00e9ndoles mallas curriculares actualizadas en distintas \u00e1reas de formaci\u00f3n, para que los potenciales nuevos profesionales en e campo policial, cumplan con las expectativas de servicio<br \/>\nque la ciudadan\u00eda espera.<\/p>\n<p>En la presentaci\u00f3n, realizada el 22 de noviembre en la Academia Nacional de Polic\u00eda en Gu\u00e1piles, Pococ\u00ed, participaron el presidente de la Rep\u00fablica, Rodrigo Chaves Robles, junto con el ministro de Seguridad P\u00fablica, Mario Zamora Cordero, y los viceministros de Unidades Especiales, Manuel Jim\u00e9nez Steller, y de Unidades Regulares, Eric Lacayo. El ministro de Seguridad P\u00fablica, Mario Zamora Cordero, anot\u00f3 que: este es el marco estrat\u00e9gico que llevaremos adelante para desarrollar en el campo las acciones que el pa\u00eds requiere para contener al crimen organizado, el narcotr\u00e1fico y la delincuencia com\u00fan. Se trata de un frente com\u00fan de pol\u00edticas de Estado que combatan a la criminalidad en el terreno, pero que, simult\u00e1neamente, incorporen las medidas preventivas urgentes y necesarias que el pa\u00eds requiere.<\/p>\n<p>Por su parte, la directora de la carrera de Ciencias Policiales, Karen Jim\u00e9nez Morales, se\u00f1ala que \u201cel contexto de la seguridad actual resulta ser todo un reto para las instituciones policiales debido a la sofisticaci\u00f3n y evoluci\u00f3n constante de las din\u00e1micas delictivas de las organizaciones criminales, por ello, resulta indispensable que el recurso humano policial tenga la debida formaci\u00f3n profesional para poder atender de forma estrat\u00e9gica, eficiente y eficaz la prevenci\u00f3n, atenci\u00f3n y contenci\u00f3n de la delincuencia en todas sus manifestaciones\u201d<\/p>\n<p>\u201cLa carrera de Ciencias Policiales cuenta con un plan de estudios acorde a las tendencias emergentes de la disciplina, siendo la carrera profesional m\u00e1s atinente para la funci\u00f3n policial, sin duda alguna este es un gran avance en tema de seguridad para Costa Rica\u201d, agreg\u00f3 Jim\u00e9nez Morales. Sobre la pol\u00edtica, el ministro dijo que \u201ceste es una estrategia global que pasa por una serie de medidas para el fortalecimiento de las capacidades humanas y t\u00e9cnicas de los cuerpos policiales. Mejorar las condiciones salariales, tecnol\u00f3gicas y de capacitaci\u00f3n son fundamentales para sacar la tarea. Debo reiterar que hay camino adelantado que tiene resultados positivos contra la delincuencia en delitos contra la propiedad y el aumento de aprehensiones de delincuentes con \u00f3rdenes de captura\u201d.<\/p>\n","protected":false},"excerpt":{"rendered":"<div class=\"mh-excerpt\"><p>El Ministerio de Seguridad P\u00fablica (MSP) present\u00f3 la Pol\u00edtica Nacional de Seguridad P\u00fablica 2023-2030, que prioriza el ataque frontal contra el narcotr\u00e1fico, los programas preventivos y la modernizaci\u00f3n tecnol\u00f3gica de los cuerpos policiales, as\u00ed como <a class=\"mh-excerpt-more\" href=\"https:\/\/anexioncr.com\/index.php\/2023\/12\/04\/uned-apoyara-la-profesionalizacion-de-cuerpos-policiales-en-nueva-politica-nacional-de-seguridad-publica\/\" title=\"UNED apoyar\u00e1 la profesionalizaci\u00f3n de cuerpos policiales en nueva Pol\u00edtica Nacional de Seguridad P\u00fablica\">[&#8230;]<\/a><\/p>\n<\/div>","protected":false},"author":1,"featured_media":2024,"comment_status":"open","ping_status":"open","sticky":false,"template":"","format":"standard","meta":{"_monsterinsights_skip_tracking":false,"_monsterinsights_sitenote_active":false,"_monsterinsights_sitenote_note":"","_monsterinsights_sitenote_category":0,"_uf_show_specific_survey":0,"_uf_disable_surveys":false,"footnotes":""},"categories":[33],"tags":[],"class_list":{"0":"post-2022","1":"post","2":"type-post","3":"status-publish","4":"format-standard","5":"has-post-thumbnail","7":"category-nacionales"},"_links":{"self":[{"href":"https:\/\/anexioncr.com\/index.php\/wp-json\/wp\/v2\/posts\/2022","targetHints":{"allow":["GET"]}}],"collection":[{"href":"https:\/\/anexioncr.com\/index.php\/wp-json\/wp\/v2\/posts"}],"about":[{"href":"https:\/\/anexioncr.com\/index.php\/wp-json\/wp\/v2\/types\/post"}],"author":[{"embeddable":true,"href":"https:\/\/anexioncr.com\/index.php\/wp-json\/wp\/v2\/users\/1"}],"replies":[{"embeddable":true,"href":"https:\/\/anexioncr.com\/index.php\/wp-json\/wp\/v2\/comments?post=2022"}],"version-history":[{"count":1,"href":"https:\/\/anexioncr.com\/index.php\/wp-json\/wp\/v2\/posts\/2022\/revisions"}],"predecessor-version":[{"id":2025,"href":"https:\/\/anexioncr.com\/index.php\/wp-json\/wp\/v2\/posts\/2022\/revisions\/2025"}],"wp:featuredmedia":[{"embeddable":true,"href":"https:\/\/anexioncr.com\/index.php\/wp-json\/wp\/v2\/media\/2024"}],"wp:attachment":[{"href":"https:\/\/anexioncr.com\/index.php\/wp-json\/wp\/v2\/media?parent=2022"}],"wp:term":[{"taxonomy":"category","embeddable":true,"href":"https:\/\/anexioncr.com\/index.php\/wp-json\/wp\/v2\/categories?post=2022"},{"taxonomy":"post_tag","embeddable":true,"href":"https:\/\/anexioncr.com\/index.php\/wp-json\/wp\/v2\/tags?post=2022"}],"curies":[{"name":"wp","href":"https:\/\/api.w.org\/{rel}","templated":true}]}}