{"id":2019,"date":"2023-11-24T14:05:17","date_gmt":"2023-11-24T20:05:17","guid":{"rendered":"https:\/\/anexioncr.com\/?p=2019"},"modified":"2023-11-24T14:05:17","modified_gmt":"2023-11-24T20:05:17","slug":"ande-homenajeo-a-educadores-pensionados-guanacastecos","status":"publish","type":"post","link":"https:\/\/anexioncr.com\/index.php\/2023\/11\/24\/ande-homenajeo-a-educadores-pensionados-guanacastecos\/","title":{"rendered":"ANDE homenaje\u00f3 a educadores pensionados guanacastecos"},"content":{"rendered":"<p>Mujeres y hombres que se dedicaron a sacar de las tinieblas de la ignorancia a miles de ni\u00f1os, y que luego se fueron a sus casas a disfrutar del retiro, tuvieron el reconocimiento de la Filial 5-5 Pensionados, durante la celebraci\u00f3n del D\u00eda del Pensionado Andino.<\/p>\n<p>Los galardonados fueron: Margarita Segura Rodr\u00edguez de Abangares, Zeneida Paniagua Vargas de Tilar\u00e1n, Mar\u00eda Teresita Cubillo Canales de Bagaces, Runia Baltodano Barrantes de Santa Cruz, Angeles Torres Torrentes de Ca\u00f1as, Daniel Crist\u00f3bal, L\u00f3pez Cascante de Liberia, y Rosa Cristina Rosales Orias de Nicoya.<\/p>\n","protected":false},"excerpt":{"rendered":"<div class=\"mh-excerpt\"><p>Mujeres y hombres que se dedicaron a sacar de las tinieblas de la ignorancia a miles de ni\u00f1os, y que luego se fueron a sus casas a disfrutar del retiro, tuvieron el reconocimiento de la <a class=\"mh-excerpt-more\" href=\"https:\/\/anexioncr.com\/index.php\/2023\/11\/24\/ande-homenajeo-a-educadores-pensionados-guanacastecos\/\" title=\"ANDE homenaje\u00f3 a educadores pensionados guanacastecos\">[&#8230;]<\/a><\/p>\n<\/div>","protected":false},"author":1,"featured_media":2020,"comment_status":"open","ping_status":"open","sticky":false,"template":"","format":"standard","meta":{"_monsterinsights_skip_tracking":false,"_monsterinsights_sitenote_active":false,"_monsterinsights_sitenote_note":"","_monsterinsights_sitenote_category":0,"_uf_show_specific_survey":0,"_uf_disable_surveys":false,"footnotes":""},"categories":[34],"tags":[],"class_list":{"0":"post-2019","1":"post","2":"type-post","3":"status-publish","4":"format-standard","5":"has-post-thumbnail","7":"category-provincia"},"_links":{"self":[{"href":"https:\/\/anexioncr.com\/index.php\/wp-json\/wp\/v2\/posts\/2019","targetHints":{"allow":["GET"]}}],"collection":[{"href":"https:\/\/anexioncr.com\/index.php\/wp-json\/wp\/v2\/posts"}],"about":[{"href":"https:\/\/anexioncr.com\/index.php\/wp-json\/wp\/v2\/types\/post"}],"author":[{"embeddable":true,"href":"https:\/\/anexioncr.com\/index.php\/wp-json\/wp\/v2\/users\/1"}],"replies":[{"embeddable":true,"href":"https:\/\/anexioncr.com\/index.php\/wp-json\/wp\/v2\/comments?post=2019"}],"version-history":[{"count":1,"href":"https:\/\/anexioncr.com\/index.php\/wp-json\/wp\/v2\/posts\/2019\/revisions"}],"predecessor-version":[{"id":2021,"href":"https:\/\/anexioncr.com\/index.php\/wp-json\/wp\/v2\/posts\/2019\/revisions\/2021"}],"wp:featuredmedia":[{"embeddable":true,"href":"https:\/\/anexioncr.com\/index.php\/wp-json\/wp\/v2\/media\/2020"}],"wp:attachment":[{"href":"https:\/\/anexioncr.com\/index.php\/wp-json\/wp\/v2\/media?parent=2019"}],"wp:term":[{"taxonomy":"category","embeddable":true,"href":"https:\/\/anexioncr.com\/index.php\/wp-json\/wp\/v2\/categories?post=2019"},{"taxonomy":"post_tag","embeddable":true,"href":"https:\/\/anexioncr.com\/index.php\/wp-json\/wp\/v2\/tags?post=2019"}],"curies":[{"name":"wp","href":"https:\/\/api.w.org\/{rel}","templated":true}]}}